{"id":55107,"date":"2025-01-06T17:00:24","date_gmt":"2025-01-06T16:00:24","guid":{"rendered":"https:\/\/new.www.chauffeur-services.com\/sem-categoria\/semana-da-moda-de-paris-2025-o-teu-guia-definitivo-para-o-evento-de-moda-mais-iconico-do-mundo\/"},"modified":"2026-01-19T10:20:49","modified_gmt":"2026-01-19T09:20:49","slug":"semana-da-moda-de-paris-2025-o-teu-guia-definitivo-para-o-evento-de-moda-mais-iconico-do-mundo","status":"publish","type":"post","link":"https:\/\/www.chauffeur-services.com\/pt-pt\/blogue\/semana-da-moda-de-paris-2025-o-teu-guia-definitivo-para-o-evento-de-moda-mais-iconico-do-mundo\/","title":{"rendered":"Semana da Moda de Paris 2026: um evento-chave no calend\u00e1rio mundial da moda"},"content":{"rendered":"<p><img fetchpriority=\"high\" decoding=\"async\" class=\"aligncenter wp-image-62093 size-large\" src=\"https:\/\/www.chauffeur-services.com\/wp-content\/uploads\/2025\/01\/GettyImages-1345021711-2048x1365-1-1200x800.png\" alt=\"\" width=\"1200\" height=\"800\" title=\"\" srcset=\"https:\/\/www.chauffeur-services.com\/wp-content\/uploads\/2025\/01\/GettyImages-1345021711-2048x1365-1-1200x800.png 1200w, https:\/\/www.chauffeur-services.com\/wp-content\/uploads\/2025\/01\/GettyImages-1345021711-2048x1365-1-600x400.png 600w, https:\/\/www.chauffeur-services.com\/wp-content\/uploads\/2025\/01\/GettyImages-1345021711-2048x1365-1-768x512.png 768w, https:\/\/www.chauffeur-services.com\/wp-content\/uploads\/2025\/01\/GettyImages-1345021711-2048x1365-1-1536x1024.png 1536w, https:\/\/www.chauffeur-services.com\/wp-content\/uploads\/2025\/01\/GettyImages-1345021711-2048x1365-1.png 2048w\" sizes=\"(max-width: 1200px) 100vw, 1200px\" \/><\/p>\n<p>Cr\u00e9dito da foto: lifestyle asia<\/p>\n<p data-start=\"495\" data-end=\"763\">A Semana da Moda de Paris 2026 \u00e9 um dos eventos mais esperados da ind\u00fastria da moda internacional. Ao longo do ano, Paris torna-se o epicentro da criatividade, acolhendo as principais casas de moda, designers, compradores, executivos e meios de comunica\u00e7\u00e3o social de todo o mundo. <\/p>\n<p data-start=\"765\" data-end=\"971\">\u00c0 medida que a cidade se transforma num centro de moda global, os participantes podem esperar uma sucess\u00e3o de desfiles de alto n\u00edvel, apresenta\u00e7\u00f5es privadas e eventos exclusivos realizados em locais ic\u00f3nicos e locais hist\u00f3ricos.<\/p>\n<hr data-start=\"973\" data-end=\"976\">\n<h2 data-start=\"978\" data-end=\"1018\">Principais datas da Semana da Moda de Paris 2026<\/h2>\n<p data-start=\"1020\" data-end=\"1159\">A Semana da Moda de Paris desenrola-se em v\u00e1rios segmentos, cada um dedicado a uma categoria espec\u00edfica de moda. O calend\u00e1rio oficial inclui normalmente: <\/p>\n<h3 data-start=\"1161\" data-end=\"1207\">Semana da Moda Masculina outono\/inverno 2026-2027<\/h3>\n<p data-start=\"1208\" data-end=\"1319\">Habitualmente realizada em <strong data-start=\"1224\" data-end=\"1235\">janeiro<\/strong>, esta sess\u00e3o apresenta as pr\u00f3ximas tend\u00eancias da moda masculina para as esta\u00e7\u00f5es mais frias.<\/p>\n<h3 data-start=\"1321\" data-end=\"1359\">Alta Costura primavera\/ver\u00e3o 2026<\/h3>\n<p data-start=\"1360\" data-end=\"1546\">Realizada logo ap\u00f3s a Semana da Moda Masculina, <strong data-start=\"1407\" data-end=\"1424\">a Alta Costura<\/strong> apresenta um artesanato excecional, inova\u00e7\u00e3o e express\u00e3o art\u00edstica das mais prestigiadas casas de moda do mundo.<\/p>\n<h3 data-start=\"1548\" data-end=\"1596\">Semana da Moda Feminina outono\/inverno 2026-2027<\/h3>\n<p data-start=\"1597\" data-end=\"1726\">Organizado em <strong data-start=\"1610\" data-end=\"1619\">mar\u00e7o<\/strong>, este segmento destaca as colec\u00e7\u00f5es que ir\u00e3o definir a moda feminina para a pr\u00f3xima esta\u00e7\u00e3o de inverno.<\/p>\n<h3 data-start=\"1728\" data-end=\"1771\">Semana da Moda Masculina primavera\/ver\u00e3o 2027<\/h3>\n<p data-start=\"1772\" data-end=\"1887\">Em <strong data-start=\"1780\" data-end=\"1788\">junho<\/strong>, os criadores revelam silhuetas mais leves e conceitos vanguardistas para os pr\u00f3ximos meses mais quentes.<\/p>\n<h3 data-start=\"1889\" data-end=\"1930\">Alta costura outono\/inverno 2026-2027<\/h3>\n<p data-start=\"1931\" data-end=\"2059\">Com data marcada para <strong data-start=\"1944\" data-end=\"1952\">julho<\/strong>, esta sess\u00e3o mistura tradi\u00e7\u00e3o e criatividade atrav\u00e9s de alguns dos desfiles mais exclusivos do ano.<\/p>\n<h3 data-start=\"2061\" data-end=\"2106\">Semana da Moda Feminina primavera\/ver\u00e3o 2027<\/h3>\n<p data-start=\"2107\" data-end=\"2282\">Encerrando o calend\u00e1rio anual da moda, este segmento tem lugar em <strong data-start=\"2172\" data-end=\"2203\">setembro e no in\u00edcio de outubro<\/strong>, oferecendo um vislumbre das tend\u00eancias futuras para as pr\u00f3ximas esta\u00e7\u00f5es da primavera e do ver\u00e3o.<\/p>\n<blockquote data-start=\"2284\" data-end=\"2398\">\n<p data-start=\"2286\" data-end=\"2398\"><em data-start=\"2286\" data-end=\"2398\">As datas exactas s\u00e3o anunciadas pela F\u00e9d\u00e9ration de la Haute Couture et de la Mode e podem variar ligeiramente todos os anos.<\/em><\/p>\n<\/blockquote>\n<h2><b>Onde ficar: Alojamento de luxo em Paris<\/b><\/h2>\n<p data-pm-slice=\"1 1 []\"><img decoding=\"async\" class=\"aligncenter wp-image-44633 size-full\" src=\"https:\/\/www.chauffeur-services.com\/wp-content\/uploads\/sites\/1\/519-u3q5nc0bw0-web4k.png\" alt=\"\" width=\"1536\" height=\"1228\" title=\"\" srcset=\"https:\/\/www.chauffeur-services.com\/wp-content\/uploads\/sites\/1\/519-u3q5nc0bw0-web4k.png 1536w, https:\/\/www.chauffeur-services.com\/wp-content\/uploads\/sites\/1\/519-u3q5nc0bw0-web4k-600x480.png 600w, https:\/\/www.chauffeur-services.com\/wp-content\/uploads\/sites\/1\/519-u3q5nc0bw0-web4k-1200x959.png 1200w, https:\/\/www.chauffeur-services.com\/wp-content\/uploads\/sites\/1\/519-u3q5nc0bw0-web4k-768x614.png 768w\" sizes=\"(max-width: 1536px) 100vw, 1536px\" \/><\/p>\n<p>Cr\u00e9dito da fotografia: ritzparis.com<\/p>\n<div class=\"group\/conversation-turn relative flex w-full min-w-0 flex-col agent-turn\">\n<div class=\"flex-col gap-1 md:gap-3\">\n<div class=\"flex max-w-full flex-col flex-grow\">\n<div class=\"min-h-8 text-message flex w-full flex-col items-end gap-2 whitespace-normal break-words text-start [.text-message+&amp;]:mt-5\" dir=\"auto\" data-message-author-role=\"assistant\" data-message-id=\"1757f12a-5bd4-48c7-99cd-4c41128abb8f\" data-message-model-slug=\"gpt-4o\">\n<div class=\"flex w-full flex-col gap-1 empty:hidden first:pt-[3px]\">\n<div class=\"markdown prose w-full break-words dark:prose-invert light\">\n<h2 data-start=\"2405\" data-end=\"2447\">Onde ficar durante a Semana da Moda de Paris<\/h2>\n<p data-start=\"2449\" data-end=\"2652\">Durante a Semana da Moda de Paris, os hot\u00e9is parisienses tornam-se pontos de encontro vibrantes para profissionais da moda e convidados internacionais. A escolha do alojamento correto \u00e9 essencial para o conforto e a efici\u00eancia. <\/p>\n<p data-start=\"2654\" data-end=\"2910\">Os viajantes de luxo preferem frequentemente hot\u00e9is palacianos como o <strong data-start=\"2705\" data-end=\"2719\">Le Meurice<\/strong> ou <strong data-start=\"2723\" data-end=\"2741\">o Ritz Paris<\/strong>, conhecidos pelo seu servi\u00e7o discreto e eleg\u00e2ncia intemporal. Para uma atmosfera mais \u00edntima, os hot\u00e9is boutique como o <strong data-start=\"2855\" data-end=\"2871\">H\u00f4tel Costes<\/strong> continuam a ser populares entre os informadores da moda. <\/p>\n<p data-start=\"2912\" data-end=\"3163\">A sua estadia em bairros centrais como o <strong data-start=\"2953\" data-end=\"2975\">1\u00ba arrondissement<\/strong>, perto do Louvre, ou <strong data-start=\"2997\" data-end=\"3010\">Le Marais<\/strong> permite-lhe aceder facilmente a salas de espect\u00e1culos, salas de exposi\u00e7\u00f5es e eventos privados. Recomenda-se vivamente a reserva antecipada, uma vez que a disponibilidade se torna limitada com bastante anteced\u00eancia. <\/p>\n<\/div>\n<\/div>\n<\/div>\n<\/div>\n<\/div>\n<\/div>\n<h4><b>Navegar em Paris durante a Semana da Moda<\/b><\/h4>\n<p><img decoding=\"async\" class=\"aligncenter wp-image-44632 size-full\" src=\"https:\/\/www.chauffeur-services.com\/wp-content\/uploads\/sites\/1\/DeWatermark.ai_1736171566017.png\" alt=\"\" width=\"1280\" height=\"718\" title=\"\" srcset=\"https:\/\/www.chauffeur-services.com\/wp-content\/uploads\/sites\/1\/DeWatermark.ai_1736171566017.png 1280w, https:\/\/www.chauffeur-services.com\/wp-content\/uploads\/sites\/1\/DeWatermark.ai_1736171566017-600x337.png 600w, https:\/\/www.chauffeur-services.com\/wp-content\/uploads\/sites\/1\/DeWatermark.ai_1736171566017-1200x673.png 1200w, https:\/\/www.chauffeur-services.com\/wp-content\/uploads\/sites\/1\/DeWatermark.ai_1736171566017-768x431.png 768w\" sizes=\"(max-width: 1280px) 100vw, 1280px\" \/><\/p>\n<h2 data-start=\"3170\" data-end=\"3209\">Navegar em Paris durante a Semana da Moda<\/h2>\n<p data-start=\"3211\" data-end=\"3399\">A Semana da Moda de Paris \u00e9 um dos per\u00edodos mais movimentados do ano. Com os locais espalhados pela cidade e os hor\u00e1rios muitas vezes alterados a curto prazo, um transporte fi\u00e1vel torna-se um fator essencial. <\/p>\n<p data-start=\"3401\" data-end=\"3700\">Um servi\u00e7o de chauffeurs privado oferece-lhe uma solu\u00e7\u00e3o perfeita para se deslocar entre hot\u00e9is, desfiles de moda, salas de espet\u00e1culo e eventos noturnos. <a href=\"https:\/\/www.chauffeur-services.com\/pt-pt\/destination\/franca\/paris\/\">Chauffeurs &amp; Services<\/a> oferece-lhe um transporte discreto, pontual e confort\u00e1vel, permitindo-lhe concentrar-se inteiramente nos seus compromissos profissionais e sociais.<\/p>\n<p data-start=\"3702\" data-end=\"3724\">Esta abordagem garante:<\/p>\n<ul data-start=\"3725\" data-end=\"3889\">\n<li data-start=\"3725\" data-end=\"3763\">\n<p data-start=\"3727\" data-end=\"3763\">Transfer\u00eancias Point to Point eficientes<\/p>\n<\/li>\n<li data-start=\"3764\" data-end=\"3817\">\n<p data-start=\"3766\" data-end=\"3817\">Hor\u00e1rios flex\u00edveis adaptados a altera\u00e7\u00f5es de \u00faltima hora<\/p>\n<\/li>\n<li data-start=\"3818\" data-end=\"3889\">\n<p data-start=\"3820\" data-end=\"3889\">Uma experi\u00eancia de viagem calma e controlada durante os per\u00edodos de maior tr\u00e1fego<\/p>\n<\/li>\n<\/ul>\n<hr data-start=\"3891\" data-end=\"3894\">\n<h2 data-start=\"3896\" data-end=\"3945\">Dicas para aproveitar ao m\u00e1ximo a Semana da Moda de Paris<\/h2>\n<ul data-start=\"3947\" data-end=\"4332\">\n<li data-start=\"3947\" data-end=\"4031\">\n<p data-start=\"3949\" data-end=\"4031\"><strong data-start=\"3949\" data-end=\"3963\">Planeie com anteced\u00eancia<\/strong>: Confirme os convites, os locais e os hor\u00e1rios o mais cedo poss\u00edvel.<\/p>\n<\/li>\n<li data-start=\"4032\" data-end=\"4122\">\n<p data-start=\"4034\" data-end=\"4122\"><strong data-start=\"4034\" data-end=\"4051\">Mantenha-se informado<\/strong>: Acompanhe os canais oficiais para obter actualiza\u00e7\u00f5es de \u00faltima hora ou altera\u00e7\u00f5es no local.<\/p>\n<\/li>\n<li data-start=\"4123\" data-end=\"4224\">\n<p data-start=\"4125\" data-end=\"4224\"><strong data-start=\"4125\" data-end=\"4149\">Vista-se com inten\u00e7\u00e3o<\/strong>: A Semana da Moda de Paris celebra o estilo pessoal tanto quanto a moda das passarelas.<\/p>\n<\/li>\n<li data-start=\"4225\" data-end=\"4332\">\n<p data-start=\"4227\" data-end=\"4332\"><strong data-start=\"4227\" data-end=\"4252\">Estabele\u00e7a uma rede estrat\u00e9gica<\/strong>: Os eventos privados e as festas posteriores s\u00e3o momentos-chave para estabelecer contactos significativos.<\/p>\n<\/li>\n<\/ul>\n<hr data-start=\"4334\" data-end=\"4337\">\n<h2 data-start=\"4339\" data-end=\"4352\">Conclus\u00e3o<\/h2>\n<p data-start=\"4354\" data-end=\"4583\">A Semana da Moda de Paris 2026 promete mais uma not\u00e1vel celebra\u00e7\u00e3o da criatividade, do artesanato e da inova\u00e7\u00e3o. Desde a energia dos desfiles at\u00e9 ao ritmo da pr\u00f3pria cidade, a experi\u00eancia \u00e9 t\u00e3o exigente quanto inspiradora. <\/p>\n<p data-start=\"4585\" data-end=\"4812\">Um planeamento cuidadoso, um alojamento requintado e um transporte fi\u00e1vel s\u00e3o essenciais para navegar pela semana com facilidade. Ao organizar a sua viagem com anteced\u00eancia, estar\u00e1 a garantir uma experi\u00eancia elegante e tranquila na capital mundial da moda. <\/p>\n\n<p><\/p>\n","protected":false},"excerpt":{"rendered":"<p>Cr\u00e9dito da foto: lifestyle asia A Semana da Moda de Paris 2026 \u00e9 um dos eventos mais esperados da ind\u00fastria da moda internacional. Ao longo do ano, Paris torna-se o epicentro da criatividade, acolhendo as principais casas de moda, designers, compradores, executivos e meios de comunica\u00e7\u00e3o social de todo o mundo. \u00c0 medida que a [&hellip;]<\/p>\n","protected":false},"author":9,"featured_media":62098,"comment_status":"closed","ping_status":"closed","sticky":false,"template":"","format":"standard","meta":{"_acf_changed":false,"content-type":"","footnotes":""},"categories":[175],"tags":[],"class_list":["post-55107","post","type-post","status-publish","format-standard","has-post-thumbnail","hentry","category-blogue"],"acf":[],"_links":{"self":[{"href":"https:\/\/www.chauffeur-services.com\/pt-pt\/wp-json\/wp\/v2\/posts\/55107","targetHints":{"allow":["GET"]}}],"collection":[{"href":"https:\/\/www.chauffeur-services.com\/pt-pt\/wp-json\/wp\/v2\/posts"}],"about":[{"href":"https:\/\/www.chauffeur-services.com\/pt-pt\/wp-json\/wp\/v2\/types\/post"}],"author":[{"embeddable":true,"href":"https:\/\/www.chauffeur-services.com\/pt-pt\/wp-json\/wp\/v2\/users\/9"}],"replies":[{"embeddable":true,"href":"https:\/\/www.chauffeur-services.com\/pt-pt\/wp-json\/wp\/v2\/comments?post=55107"}],"version-history":[{"count":0,"href":"https:\/\/www.chauffeur-services.com\/pt-pt\/wp-json\/wp\/v2\/posts\/55107\/revisions"}],"wp:featuredmedia":[{"embeddable":true,"href":"https:\/\/www.chauffeur-services.com\/pt-pt\/wp-json\/wp\/v2\/media\/62098"}],"wp:attachment":[{"href":"https:\/\/www.chauffeur-services.com\/pt-pt\/wp-json\/wp\/v2\/media?parent=55107"}],"wp:term":[{"taxonomy":"category","embeddable":true,"href":"https:\/\/www.chauffeur-services.com\/pt-pt\/wp-json\/wp\/v2\/categories?post=55107"},{"taxonomy":"post_tag","embeddable":true,"href":"https:\/\/www.chauffeur-services.com\/pt-pt\/wp-json\/wp\/v2\/tags?post=55107"}],"curies":[{"name":"wp","href":"https:\/\/api.w.org\/{rel}","templated":true}]}}