{"id":54755,"date":"2025-01-06T17:00:24","date_gmt":"2025-01-06T16:00:24","guid":{"rendered":"https:\/\/new.www.chauffeur-services.com\/senza-categoria\/settimana-della-moda-di-parigi-2025-la-tua-guida-definitiva-allevento-di-moda-piu-iconico-del-mondo\/"},"modified":"2026-01-19T10:20:49","modified_gmt":"2026-01-19T09:20:49","slug":"settimana-della-moda-di-parigi-2025-la-tua-guida-definitiva-allevento-di-moda-piu-iconico-del-mondo","status":"publish","type":"post","link":"https:\/\/www.chauffeur-services.com\/it\/blog\/settimana-della-moda-di-parigi-2025-la-tua-guida-definitiva-allevento-di-moda-piu-iconico-del-mondo\/","title":{"rendered":"Settimana della moda di Parigi 2026: un evento chiave nel calendario della moda globale"},"content":{"rendered":"<p><img fetchpriority=\"high\" decoding=\"async\" class=\"aligncenter wp-image-62093 size-large\" src=\"https:\/\/www.chauffeur-services.com\/wp-content\/uploads\/2025\/01\/GettyImages-1345021711-2048x1365-1-1200x800.png\" alt=\"\" width=\"1200\" height=\"800\" title=\"\" srcset=\"https:\/\/www.chauffeur-services.com\/wp-content\/uploads\/2025\/01\/GettyImages-1345021711-2048x1365-1-1200x800.png 1200w, https:\/\/www.chauffeur-services.com\/wp-content\/uploads\/2025\/01\/GettyImages-1345021711-2048x1365-1-600x400.png 600w, https:\/\/www.chauffeur-services.com\/wp-content\/uploads\/2025\/01\/GettyImages-1345021711-2048x1365-1-768x512.png 768w, https:\/\/www.chauffeur-services.com\/wp-content\/uploads\/2025\/01\/GettyImages-1345021711-2048x1365-1-1536x1024.png 1536w, https:\/\/www.chauffeur-services.com\/wp-content\/uploads\/2025\/01\/GettyImages-1345021711-2048x1365-1.png 2048w\" sizes=\"(max-width: 1200px) 100vw, 1200px\" \/><\/p>\n<p>Credito fotografico: lifestyle asia<\/p>\n<p data-start=\"495\" data-end=\"763\">La Settimana della Moda di Parigi 2026 \u00e8 uno degli eventi pi\u00f9 attesi dell&#8217;industria della moda internazionale. Durante l&#8217;anno, Parigi diventa l&#8217;epicentro della creativit\u00e0, accogliendo le principali case di moda, gli stilisti, i compratori, i dirigenti e i media di tutto il mondo. <\/p>\n<p data-start=\"765\" data-end=\"971\">Mentre la citt\u00e0 si trasforma in un centro di moda globale, i partecipanti possono aspettarsi un susseguirsi di sfilate di alto profilo, presentazioni private ed eventi esclusivi che si tengono in luoghi iconici e in location storiche.<\/p>\n<hr data-start=\"973\" data-end=\"976\">\n<h2 data-start=\"978\" data-end=\"1018\">Date chiave della Settimana della moda di Parigi 2026<\/h2>\n<p data-start=\"1020\" data-end=\"1159\">La Settimana della Moda di Parigi si svolge in diversi segmenti, ognuno dei quali \u00e8 dedicato a una categoria specifica della moda. Il calendario ufficiale comprende in genere: <\/p>\n<h3 data-start=\"1161\" data-end=\"1207\">Settimana della moda maschile Autunno\/Inverno 2026-2027<\/h3>\n<p data-start=\"1208\" data-end=\"1319\">Solitamente si tiene a <strong data-start=\"1224\" data-end=\"1235\">gennaio<\/strong>, questa sessione presenta le prossime tendenze della moda maschile per le stagioni pi\u00f9 fredde.<\/p>\n<h3 data-start=\"1321\" data-end=\"1359\">Alta moda primavera\/estate 2026<\/h3>\n<p data-start=\"1360\" data-end=\"1546\">Dopo la Settimana della Moda maschile, l&#8217;<strong data-start=\"1407\" data-end=\"1424\">Haute Couture<\/strong> mette in mostra l&#8217;eccezionale maestria, l&#8217;innovazione e l&#8217;espressione artistica delle case di moda pi\u00f9 prestigiose del mondo.<\/p>\n<h3 data-start=\"1548\" data-end=\"1596\">Settimana della moda femminile Autunno\/Inverno 2026-2027<\/h3>\n<p data-start=\"1597\" data-end=\"1726\">Organizzato a <strong data-start=\"1610\" data-end=\"1619\">marzo<\/strong>, questo segmento mette in evidenza le collezioni che definiranno la moda femminile per la successiva stagione invernale.<\/p>\n<h3 data-start=\"1728\" data-end=\"1771\">Settimana della moda maschile Primavera\/Estate 2027<\/h3>\n<p data-start=\"1772\" data-end=\"1887\">A <strong data-start=\"1780\" data-end=\"1788\">giugno<\/strong>, gli stilisti rivelano silhouette pi\u00f9 leggere e concetti lungimiranti per i prossimi mesi caldi.<\/p>\n<h3 data-start=\"1889\" data-end=\"1930\">Alta moda Autunno\/Inverno 2026-2027<\/h3>\n<p data-start=\"1931\" data-end=\"2059\">In programma a <strong data-start=\"1944\" data-end=\"1952\">luglio<\/strong>, questa sessione fonde tradizione e creativit\u00e0 attraverso alcune delle sfilate pi\u00f9 esclusive dell&#8217;anno.<\/p>\n<h3 data-start=\"2061\" data-end=\"2106\">Settimana della moda femminile Primavera\/Estate 2027<\/h3>\n<p data-start=\"2107\" data-end=\"2282\">A chiusura del calendario annuale della moda, questo segmento si svolge a <strong data-start=\"2172\" data-end=\"2203\">settembre e all&#8217;inizio di ottobre<\/strong>, offrendo uno sguardo alle tendenze future per le prossime stagioni primavera ed estate.<\/p>\n<blockquote data-start=\"2284\" data-end=\"2398\">\n<p data-start=\"2286\" data-end=\"2398\"><em data-start=\"2286\" data-end=\"2398\">Le date esatte sono annunciate dalla F\u00e9d\u00e9ration de la Haute Couture et de la Mode e possono variare leggermente ogni anno.<\/em><\/p>\n<\/blockquote>\n<h2><b>Dove alloggiare: Alloggi di lusso a Parigi<\/b><\/h2>\n<p data-pm-slice=\"1 1 []\"><img decoding=\"async\" class=\"aligncenter wp-image-44633 size-full\" src=\"https:\/\/www.chauffeur-services.com\/wp-content\/uploads\/sites\/1\/519-u3q5nc0bw0-web4k.png\" alt=\"\" width=\"1536\" height=\"1228\" title=\"\" srcset=\"https:\/\/www.chauffeur-services.com\/wp-content\/uploads\/sites\/1\/519-u3q5nc0bw0-web4k.png 1536w, https:\/\/www.chauffeur-services.com\/wp-content\/uploads\/sites\/1\/519-u3q5nc0bw0-web4k-600x480.png 600w, https:\/\/www.chauffeur-services.com\/wp-content\/uploads\/sites\/1\/519-u3q5nc0bw0-web4k-1200x959.png 1200w, https:\/\/www.chauffeur-services.com\/wp-content\/uploads\/sites\/1\/519-u3q5nc0bw0-web4k-768x614.png 768w\" sizes=\"(max-width: 1536px) 100vw, 1536px\" \/><\/p>\n<p>Credito fotografico: ritzparis.com<\/p>\n<div class=\"group\/conversation-turn relative flex w-full min-w-0 flex-col agent-turn\">\n<div class=\"flex-col gap-1 md:gap-3\">\n<div class=\"flex max-w-full flex-col flex-grow\">\n<div class=\"min-h-8 text-message flex w-full flex-col items-end gap-2 whitespace-normal break-words text-start [.text-message+&amp;]:mt-5\" dir=\"auto\" data-message-author-role=\"assistant\" data-message-id=\"1757f12a-5bd4-48c7-99cd-4c41128abb8f\" data-message-model-slug=\"gpt-4o\">\n<div class=\"flex w-full flex-col gap-1 empty:hidden first:pt-[3px]\">\n<div class=\"markdown prose w-full break-words dark:prose-invert light\">\n<h2 data-start=\"2405\" data-end=\"2447\">Dove alloggiare durante la Settimana della Moda di Parigi<\/h2>\n<p data-start=\"2449\" data-end=\"2652\">Durante la Settimana della Moda di Parigi, gli hotel parigini diventano vivaci punti di incontro per i professionisti della moda e gli ospiti internazionali. La scelta della giusta sistemazione \u00e8 essenziale sia per il comfort che per l&#8217;efficienza. <\/p>\n<p data-start=\"2654\" data-end=\"2910\">I viaggiatori di lusso spesso prediligono hotel di palazzo come <strong data-start=\"2705\" data-end=\"2719\">Le Meurice<\/strong> o <strong data-start=\"2723\" data-end=\"2741\">The Ritz Paris<\/strong>, rinomati per il loro servizio discreto e l&#8217;eleganza senza tempo. Per un&#8217;atmosfera pi\u00f9 intima, gli hotel boutique come l&#8217;<strong data-start=\"2855\" data-end=\"2871\">H\u00f4tel Costes<\/strong> rimangono popolari tra gli addetti ai lavori della moda. <\/p>\n<p data-start=\"2912\" data-end=\"3163\">Soggiornare in quartieri centrali come il <strong data-start=\"2953\" data-end=\"2975\">1\u00b0 arrondissement<\/strong>, vicino al Louvre, o <strong data-start=\"2997\" data-end=\"3010\">Le Marais<\/strong> permette di accedere facilmente ai luoghi di spettacolo, agli showroom e agli eventi privati. Si raccomanda vivamente di prenotare in anticipo, poich\u00e9 la disponibilit\u00e0 diventa limitata con largo anticipo. <\/p>\n<\/div>\n<\/div>\n<\/div>\n<\/div>\n<\/div>\n<\/div>\n<h4><b>Navigare a Parigi durante la settimana della moda<\/b><\/h4>\n<p><img decoding=\"async\" class=\"aligncenter wp-image-44632 size-full\" src=\"https:\/\/www.chauffeur-services.com\/wp-content\/uploads\/sites\/1\/DeWatermark.ai_1736171566017.png\" alt=\"\" width=\"1280\" height=\"718\" title=\"\" srcset=\"https:\/\/www.chauffeur-services.com\/wp-content\/uploads\/sites\/1\/DeWatermark.ai_1736171566017.png 1280w, https:\/\/www.chauffeur-services.com\/wp-content\/uploads\/sites\/1\/DeWatermark.ai_1736171566017-600x337.png 600w, https:\/\/www.chauffeur-services.com\/wp-content\/uploads\/sites\/1\/DeWatermark.ai_1736171566017-1200x673.png 1200w, https:\/\/www.chauffeur-services.com\/wp-content\/uploads\/sites\/1\/DeWatermark.ai_1736171566017-768x431.png 768w\" sizes=\"(max-width: 1280px) 100vw, 1280px\" \/><\/p>\n<h2 data-start=\"3170\" data-end=\"3209\">Navigare a Parigi durante la Settimana della Moda<\/h2>\n<p data-start=\"3211\" data-end=\"3399\">La Settimana della Moda di Parigi \u00e8 uno dei periodi pi\u00f9 affollati dell&#8217;anno. Con le sedi sparse per la citt\u00e0 e gli orari che spesso cambiano con breve preavviso, un trasporto affidabile diventa un fattore chiave. <\/p>\n<p data-start=\"3401\" data-end=\"3700\">Un servizio di autista privato offre una soluzione perfetta per spostarsi tra hotel, sfilate, showroom ed eventi serali. <a href=\"https:\/\/www.chauffeur-services.com\/it\/destinations\/francia\/parigi\/\">Chauffeurs &amp; Services<\/a> offre un trasporto discreto, puntuale e confortevole, permettendo agli ospiti di concentrarsi completamente sui loro impegni professionali e sociali.<\/p>\n<p data-start=\"3702\" data-end=\"3724\">Questo approccio garantisce:<\/p>\n<ul data-start=\"3725\" data-end=\"3889\">\n<li data-start=\"3725\" data-end=\"3763\">\n<p data-start=\"3727\" data-end=\"3763\">Trasferimenti efficienti da punto a punto<\/p>\n<\/li>\n<li data-start=\"3764\" data-end=\"3817\">\n<p data-start=\"3766\" data-end=\"3817\">Orari flessibili adattati ai cambiamenti dell&#8217;ultimo minuto<\/p>\n<\/li>\n<li data-start=\"3818\" data-end=\"3889\">\n<p data-start=\"3820\" data-end=\"3889\">Un&#8217;esperienza di viaggio tranquilla e controllata durante i periodi di punta del traffico.<\/p>\n<\/li>\n<\/ul>\n<hr data-start=\"3891\" data-end=\"3894\">\n<h2 data-start=\"3896\" data-end=\"3945\">Suggerimenti per sfruttare al meglio la Settimana della Moda di Parigi<\/h2>\n<ul data-start=\"3947\" data-end=\"4332\">\n<li data-start=\"3947\" data-end=\"4031\">\n<p data-start=\"3949\" data-end=\"4031\"><strong data-start=\"3949\" data-end=\"3963\">Pianifichi in anticipo<\/strong>: Confermi gli inviti, i luoghi e gli orari il prima possibile.<\/p>\n<\/li>\n<li data-start=\"4032\" data-end=\"4122\">\n<p data-start=\"4034\" data-end=\"4122\"><strong data-start=\"4034\" data-end=\"4051\">Rimanga informato<\/strong>: Segua i canali ufficiali per gli aggiornamenti dell&#8217;ultimo minuto o i cambiamenti di sede.<\/p>\n<\/li>\n<li data-start=\"4123\" data-end=\"4224\">\n<p data-start=\"4125\" data-end=\"4224\"><strong data-start=\"4125\" data-end=\"4149\">Vestirsi con intenzione<\/strong>: La Settimana della Moda di Parigi celebra lo stile personale tanto quanto la moda da passerella.<\/p>\n<\/li>\n<li data-start=\"4225\" data-end=\"4332\">\n<p data-start=\"4227\" data-end=\"4332\"><strong data-start=\"4227\" data-end=\"4252\">Fare rete in modo strategico<\/strong>: Gli eventi privati e gli after-party sono momenti chiave per creare connessioni significative.<\/p>\n<\/li>\n<\/ul>\n<hr data-start=\"4334\" data-end=\"4337\">\n<h2 data-start=\"4339\" data-end=\"4352\">Conclusione<\/h2>\n<p data-start=\"4354\" data-end=\"4583\">La Settimana della Moda di Parigi 2026 promette un&#8217;altra straordinaria celebrazione di creativit\u00e0, artigianato e innovazione. Dall&#8217;energia delle sfilate al ritmo della citt\u00e0 stessa, l&#8217;esperienza \u00e8 tanto impegnativa quanto stimolante. <\/p>\n<p data-start=\"4585\" data-end=\"4812\">Un&#8217;attenta pianificazione, un alloggio raffinato e un trasporto affidabile sono essenziali per affrontare la settimana con facilit\u00e0. Organizzando il suo viaggio in anticipo, si assicura un&#8217;esperienza elegante e senza intoppi nella capitale mondiale della moda. <\/p>\n\n<p><\/p>\n","protected":false},"excerpt":{"rendered":"<p>Credito fotografico: lifestyle asia La Settimana della Moda di Parigi 2026 \u00e8 uno degli eventi pi\u00f9 attesi dell&#8217;industria della moda internazionale. Durante l&#8217;anno, Parigi diventa l&#8217;epicentro della creativit\u00e0, accogliendo le principali case di moda, gli stilisti, i compratori, i dirigenti e i media di tutto il mondo. Mentre la citt\u00e0 si trasforma in un centro [&hellip;]<\/p>\n","protected":false},"author":9,"featured_media":62097,"comment_status":"closed","ping_status":"closed","sticky":false,"template":"","format":"standard","meta":{"_acf_changed":false,"content-type":"","footnotes":""},"categories":[174],"tags":[],"class_list":["post-54755","post","type-post","status-publish","format-standard","has-post-thumbnail","hentry","category-blog"],"acf":[],"_links":{"self":[{"href":"https:\/\/www.chauffeur-services.com\/it\/wp-json\/wp\/v2\/posts\/54755","targetHints":{"allow":["GET"]}}],"collection":[{"href":"https:\/\/www.chauffeur-services.com\/it\/wp-json\/wp\/v2\/posts"}],"about":[{"href":"https:\/\/www.chauffeur-services.com\/it\/wp-json\/wp\/v2\/types\/post"}],"author":[{"embeddable":true,"href":"https:\/\/www.chauffeur-services.com\/it\/wp-json\/wp\/v2\/users\/9"}],"replies":[{"embeddable":true,"href":"https:\/\/www.chauffeur-services.com\/it\/wp-json\/wp\/v2\/comments?post=54755"}],"version-history":[{"count":0,"href":"https:\/\/www.chauffeur-services.com\/it\/wp-json\/wp\/v2\/posts\/54755\/revisions"}],"wp:featuredmedia":[{"embeddable":true,"href":"https:\/\/www.chauffeur-services.com\/it\/wp-json\/wp\/v2\/media\/62097"}],"wp:attachment":[{"href":"https:\/\/www.chauffeur-services.com\/it\/wp-json\/wp\/v2\/media?parent=54755"}],"wp:term":[{"taxonomy":"category","embeddable":true,"href":"https:\/\/www.chauffeur-services.com\/it\/wp-json\/wp\/v2\/categories?post=54755"},{"taxonomy":"post_tag","embeddable":true,"href":"https:\/\/www.chauffeur-services.com\/it\/wp-json\/wp\/v2\/tags?post=54755"}],"curies":[{"name":"wp","href":"https:\/\/api.w.org\/{rel}","templated":true}]}}