{"id":66229,"date":"2025-02-28T17:00:40","date_gmt":"2025-02-28T16:00:40","guid":{"rendered":"https:\/\/www.chauffeur-services.com\/blog\/les-5-meilleures-destinations-de-paques-en-europe-a-visiter-en-2025\/"},"modified":"2025-08-17T13:34:08","modified_gmt":"2025-08-17T11:34:08","slug":"les-5-meilleures-destinations-de-paques-en-europe-a-visiter-en-2025","status":"publish","type":"post","link":"https:\/\/www.chauffeur-services.com\/fr\/blog\/les-5-meilleures-destinations-de-paques-en-europe-a-visiter-en-2025\/","title":{"rendered":"Les 5 meilleures destinations de P\u00e2ques en Europe \u00e0 visiter en 2025"},"content":{"rendered":"<p data-start=\"217\" data-end=\"657\">En Europe, P\u00e2ques est plus qu&rsquo;un simple jour f\u00e9ri\u00e9 : c&rsquo;est une p\u00e9riode de profonde r\u00e9flexion spirituelle, de traditions ancestrales et de c\u00e9l\u00e9brations grandioses qui animent des villes enti\u00e8res. Des processions solennelles en Espagne aux march\u00e9s anim\u00e9s en Autriche, chaque pays offre une fa\u00e7on unique de c\u00e9l\u00e9brer la saison. Que vous soyez \u00e0 la recherche d&rsquo;une exp\u00e9rience culturelle immersive, d&rsquo;une retraite luxueuse ou simplement d&rsquo;une escapade pittoresque, ces cinq destinations de P\u00e2ques en Europe vous laisseront des souvenirs inoubliables.  <\/p>\n<h5 data-start=\"659\" data-end=\"713\"><strong data-start=\"662\" data-end=\"711\">1. S\u00e9ville, Espagne - Le c\u0153ur de la Semana Santa<\/strong><\/h5>\n<p><img fetchpriority=\"high\" decoding=\"async\" class=\"size-full wp-image-66216\" src=\"https:\/\/www.chauffeur-services.com\/wp-content\/uploads\/2025\/03\/crowd-costumes-semana-santa-festival-captured-seville-scaled-1.jpg\" alt=\"\" width=\"2560\" height=\"1710\" title=\"\" srcset=\"https:\/\/www.chauffeur-services.com\/wp-content\/uploads\/2025\/03\/crowd-costumes-semana-santa-festival-captured-seville-scaled-1.jpg 2560w, https:\/\/www.chauffeur-services.com\/wp-content\/uploads\/2025\/03\/crowd-costumes-semana-santa-festival-captured-seville-scaled-1-600x401.jpg 600w, https:\/\/www.chauffeur-services.com\/wp-content\/uploads\/2025\/03\/crowd-costumes-semana-santa-festival-captured-seville-scaled-1-1200x802.jpg 1200w, https:\/\/www.chauffeur-services.com\/wp-content\/uploads\/2025\/03\/crowd-costumes-semana-santa-festival-captured-seville-scaled-1-768x513.jpg 768w, https:\/\/www.chauffeur-services.com\/wp-content\/uploads\/2025\/03\/crowd-costumes-semana-santa-festival-captured-seville-scaled-1-1536x1026.jpg 1536w, https:\/\/www.chauffeur-services.com\/wp-content\/uploads\/2025\/03\/crowd-costumes-semana-santa-festival-captured-seville-scaled-1-2048x1368.jpg 2048w\" sizes=\"(max-width: 2560px) 100vw, 2560px\" \/><\/p>\n<p data-start=\"715\" data-end=\"1496\">La <strong data-start=\"725\" data-end=\"741\">Semana Santa<\/strong> (Semaine sainte) de S\u00e9ville est l&rsquo;une des c\u00e9l\u00e9brations de P\u00e2ques les plus renomm\u00e9es au monde. Du dimanche des Rameaux au dimanche de P\u00e2ques, la ville se transforme en un spectacle profond\u00e9ment spirituel et impressionnant. Les rues sont envahies par des processions religieuses solennelles, au cours desquelles des chars magnifiquement orn\u00e9s repr\u00e9sentant des sc\u00e8nes de la Passion du Christ sont port\u00e9s par des confr\u00e9ries (cofrad\u00edas). Des p\u00e9nitents encapuchonn\u00e9s marchent pieds nus, portant des cierges, selon une tradition s\u00e9culaire qui \u00e9meut aussi bien les habitants que les visiteurs. Les m\u00e9lodies lancinantes des fanfares et l&rsquo;odeur de l&rsquo;encens emplissent l&rsquo;air, cr\u00e9ant une v\u00e9ritable exp\u00e9rience immersive. Au-del\u00e0 de l&rsquo;aspect religieux, le charme historique de la ville, la chaleur du printemps et la d\u00e9licieuse cuisine andalouse font de S\u00e9ville une destination de choix pour P\u00e2ques.     <\/p>\n<p data-start=\"1498\" data-end=\"1518\"><strong data-start=\"1498\" data-end=\"1516\">O\u00f9 s\u00e9journer :<\/strong><\/p>\n<p>S\u00e9journez \u00e0  <strong data-start=\"192\" data-end=\"316\"><a href=\"https:\/\/www.marriott.com\/en-us\/hotels\/svqlc-hotel-alfonso-xiii-a-luxury-collection-hotel-seville\/overview\/?scid=f2ae0541-1279-4f24-b197-a979c79310b0\" target=\"_new\" rel=\"noopener\" data-start=\"194\" data-end=\"314\">H\u00f4tel Alfonso XIII<\/a><\/strong>L&rsquo;h\u00f4tel est un palace cinq \u00e9toiles qui respire l&rsquo;\u00e9l\u00e9gance intemporelle, offrant un service de classe mondiale et une situation imbattable \u00e0 proximit\u00e9 des principales processions de P\u00e2ques de S\u00e9ville. Pour un s\u00e9jour plus intime, d\u00e9couvrez le charme de l&rsquo;h\u00f4tel Casa 1800 Sevilla. <strong data-start=\"513\" data-end=\"581\"><a href=\"https:\/\/www.hotelcasa1800sevilla.com\/\" target=\"_new\" rel=\"noopener\" data-start=\"515\" data-end=\"579\">l&rsquo;h\u00f4tel Casa 1800 Sevilla<\/a><\/strong>Un h\u00f4tel de charme \u00e0 l&rsquo;architecture andalouse traditionnelle, avec une cour int\u00e9rieure sereine et un toit-terrasse offrant une vue imprenable sur la ville. <\/p>\n<hr data-start=\"2065\" data-end=\"2068\">\n<h5 data-start=\"2070\" data-end=\"2126\"><strong data-start=\"2073\" data-end=\"2124\">2. Krak\u00f3w, Pologne - March\u00e9s et traditions de P\u00e2ques<\/strong><\/h5>\n<p><img decoding=\"async\" class=\"alignnone size-full wp-image-66209\" src=\"https:\/\/www.chauffeur-services.com\/wp-content\/uploads\/2025\/03\/krakow-easter.jpg\" alt=\"\" width=\"2000\" height=\"1333\" title=\"\" srcset=\"https:\/\/www.chauffeur-services.com\/wp-content\/uploads\/2025\/03\/krakow-easter.jpg 2000w, https:\/\/www.chauffeur-services.com\/wp-content\/uploads\/2025\/03\/krakow-easter-600x400.jpg 600w, https:\/\/www.chauffeur-services.com\/wp-content\/uploads\/2025\/03\/krakow-easter-1200x800.jpg 1200w, https:\/\/www.chauffeur-services.com\/wp-content\/uploads\/2025\/03\/krakow-easter-768x512.jpg 768w, https:\/\/www.chauffeur-services.com\/wp-content\/uploads\/2025\/03\/krakow-easter-1536x1024.jpg 1536w\" sizes=\"(max-width: 2000px) 100vw, 2000px\" \/><\/p>\n<p data-start=\"2128\" data-end=\"2819\">P\u00e2ques \u00e0 Cracovie est un m\u00e9lange de coutumes religieuses solennelles et de c\u00e9l\u00e9brations printani\u00e8res anim\u00e9es. La place principale du march\u00e9 de la ville (Rynek G\u0142\u00f3wny) accueille un <strong data-start=\"2283\" data-end=\"2300\">march\u00e9 de P\u00e2ques<\/strong> enchanteur, o\u00f9 les \u00e9tals regorgent d&rsquo;\u0153ufs peints \u00e0 la main (pisanki), de dentelles complexes, d&rsquo;artisanat en bois et de d\u00e9licieuses friandises polonaises comme le <strong data-start=\"2422\" data-end=\"2431\">\u017curek<\/strong> (soupe de seigle aigre) et le <strong data-start=\"2452\" data-end=\"2463\">mazurek<\/strong> (g\u00e2teau de P\u00e2ques sucr\u00e9). La <strong data-start=\"2491\" data-end=\"2525\">b\u00e9n\u00e9diction des paniers de P\u00e2ques<\/strong>, le samedi saint, est une tradition polonaise profond\u00e9ment enracin\u00e9e : les familles apportent des paniers de nourriture joliment d\u00e9cor\u00e9s pour qu&rsquo;ils soient b\u00e9nis dans les \u00e9glises. Le <strong data-start=\"2669\" data-end=\"2686\">lundi de P\u00e2ques<\/strong> a lieu le festival ludique <strong data-start=\"2700\" data-end=\"2717\">\u015amigus-Dyngus<\/strong>, au cours duquel les gens se jettent de l&rsquo;eau les uns sur les autres, symbolisant la purification et le renouveau.   <\/p>\n<p data-start=\"2821\" data-end=\"2841\"><strong data-start=\"2821\" data-end=\"2839\">O\u00f9 s\u00e9journer :<\/strong><\/p>\n<p>S\u00e9journez \u00e0  <strong data-start=\"762\" data-end=\"808\"><a href=\"https:\/\/www.hotelstary.com\/\" target=\"_new\" rel=\"noopener\" data-start=\"764\" data-end=\"806\">H\u00f4tel Stary<\/a><\/strong>L&rsquo;h\u00f4tel est un luxueux h\u00f4tel cinq \u00e9toiles qui allie parfaitement le charme historique et le confort contemporain, situ\u00e9 au c\u0153ur de la vieille ville de Cracovie. Vous pouvez \u00e9galement vous plonger dans l&rsquo;histoire \u00e0 l <strong data-start=\"1002\" data-end=\"1058\"><a href=\"https:\/\/copernicus.hotel.com.pl\/hotel-copernicus\" target=\"_new\" rel=\"noopener\" data-start=\"1004\" data-end=\"1056\">l&rsquo;h\u00f4tel Copernicus<\/a><\/strong>un h\u00f4tel de charme install\u00e9 dans un b\u00e2timent Renaissance magnifiquement restaur\u00e9, o\u00f9 l&rsquo;\u00e9l\u00e9gance historique c\u00f4toie les \u00e9quipements modernes. <\/p>\n<hr data-start=\"3261\" data-end=\"3264\">\n<h5 data-start=\"3266\" data-end=\"3332\"><strong data-start=\"3269\" data-end=\"3330\">3. Corfou, Gr\u00e8ce - La spectaculaire tradition du lancer de casseroles<\/strong><\/h5>\n<p><img decoding=\"async\" class=\"alignnone size-full wp-image-66202\" src=\"https:\/\/www.chauffeur-services.com\/wp-content\/uploads\/2025\/03\/easter-in-corfu.jpg\" alt=\"\" width=\"1200\" height=\"600\" title=\"\" srcset=\"https:\/\/www.chauffeur-services.com\/wp-content\/uploads\/2025\/03\/easter-in-corfu.jpg 1200w, https:\/\/www.chauffeur-services.com\/wp-content\/uploads\/2025\/03\/easter-in-corfu-600x300.jpg 600w, https:\/\/www.chauffeur-services.com\/wp-content\/uploads\/2025\/03\/easter-in-corfu-768x384.jpg 768w\" sizes=\"(max-width: 1200px) 100vw, 1200px\" \/><\/p>\n<p>Photo : windventures<\/p>\n<p data-start=\"3334\" data-end=\"4048\">P\u00e2ques \u00e0 Corfou est l&rsquo;une des c\u00e9l\u00e9brations les plus spectaculaires et les plus passionnantes de Gr\u00e8ce, m\u00ealant traditions chr\u00e9tiennes orthodoxes et coutumes locales uniques. Le point culminant est la <strong data-start=\"3502\" data-end=\"3527\">c\u00e9r\u00e9monie du lancer de<\/strong> pots, le samedi saint, au cours de laquelle les habitants lancent des pots en c\u00e9ramique du haut des balcons, symbolisant le renouveau de la vie et le bannissement du mal. L&rsquo;\u00eele enti\u00e8re est remplie de musique, les c\u00e9l\u00e8bres <strong data-start=\"3708\" data-end=\"3730\">orchestres philharmoniques<\/strong> d\u00e9filant dans les rues, ajoutant de la grandeur aux c\u00e9l\u00e9brations. Le dimanche de P\u00e2ques est marqu\u00e9 par un grand festin, avec de l&rsquo;<strong data-start=\"3849\" data-end=\"3915\">agneau r\u00f4ti, des \u0153ufs teints en rouge et du tsoureki (pain de P\u00e2ques grec)<\/strong>. Avec ses plages magnifiques, son architecture v\u00e9nitienne et ses vibrantes traditions pascales, Corfou est un lieu magique o\u00f9 c\u00e9l\u00e9brer.    <\/p>\n<p data-start=\"4050\" data-end=\"4070\"><strong data-start=\"4050\" data-end=\"4068\">O\u00f9 s\u00e9journer :<\/strong><\/p>\n<p>S\u00e9journez \u00e0  <strong data-start=\"1220\" data-end=\"1295\"><a href=\"https:\/\/www.grecotel.com\/corfuimperial\/\" target=\"_new\" rel=\"noopener\" data-start=\"1222\" data-end=\"1293\">Corfu Imperial Grecotel<\/a><\/strong>Ce magnifique complexe cinq \u00e9toiles dispose de plages priv\u00e9es, de jardins luxuriants et d&rsquo;une vue imprenable sur la mer Ionienne. Vous pouvez \u00e9galement opter pour l&rsquo;h\u00f4tel <strong data-start=\"1436\" data-end=\"1491\"><a href=\"https:\/\/www.cavalierihotel.com\/\" target=\"_new\" rel=\"noopener\" data-start=\"1438\" data-end=\"1489\">Cavalieri Hotel<\/a><\/strong>une propri\u00e9t\u00e9 historique situ\u00e9e au c\u0153ur de la ville de Corfou, qui offre une atmosph\u00e8re chaleureuse et une vue imprenable sur les toits. <\/p>\n<hr data-start=\"4509\" data-end=\"4512\">\n<h5 data-start=\"4514\" data-end=\"4574\"><strong data-start=\"4517\" data-end=\"4572\">4. Vienne, Autriche - March\u00e9s de P\u00e2ques \u00e9l\u00e9gants et musique<\/strong><\/h5>\n<p><img loading=\"lazy\" decoding=\"async\" class=\"alignnone size-full wp-image-66195\" src=\"https:\/\/www.chauffeur-services.com\/wp-content\/uploads\/2025\/03\/wmremove-transformed-22.jpeg\" alt=\"\" width=\"2000\" height=\"1333\" title=\"\" srcset=\"https:\/\/www.chauffeur-services.com\/wp-content\/uploads\/2025\/03\/wmremove-transformed-22.jpeg 2000w, https:\/\/www.chauffeur-services.com\/wp-content\/uploads\/2025\/03\/wmremove-transformed-22-600x400.jpeg 600w, https:\/\/www.chauffeur-services.com\/wp-content\/uploads\/2025\/03\/wmremove-transformed-22-1200x800.jpeg 1200w, https:\/\/www.chauffeur-services.com\/wp-content\/uploads\/2025\/03\/wmremove-transformed-22-768x512.jpeg 768w, https:\/\/www.chauffeur-services.com\/wp-content\/uploads\/2025\/03\/wmremove-transformed-22-1536x1024.jpeg 1536w\" sizes=\"(max-width: 2000px) 100vw, 2000px\" \/><\/p>\n<p data-start=\"4576\" data-end=\"5267\">Vienne est une destination de r\u00eave pour P\u00e2ques, offrant un m\u00e9lange d&rsquo;\u00e9l\u00e9gance culturelle, de march\u00e9s festifs et de musique de classe mondiale. Le <strong data-start=\"4699\" data-end=\"4734\">march\u00e9 de P\u00e2ques du ch\u00e2teau de Sch\u00f6nbrunn<\/strong> est une visite incontournable, avec plus de 70 stands vendant des cadeaux artisanaux, des sp\u00e9cialit\u00e9s autrichiennes gastronomiques et des \u0153ufs de P\u00e2ques d\u00e9cor\u00e9s de mani\u00e8re complexe. Pour les amateurs de musique, des <strong data-start=\"4891\" data-end=\"4937\">concerts de P\u00e2ques et des repr\u00e9sentations classiques<\/strong> ont lieu dans toute la ville, notamment dans des lieux historiques comme l&rsquo;<strong data-start=\"5004\" data-end=\"5026\">Op\u00e9ra national de Vienne<\/strong> et le <strong data-start=\"5031\" data-end=\"5046\">Musikverein<\/strong>. Les familles peuvent participer <strong data-start=\"5079\" data-end=\"5099\">\u00e0 la<\/strong> traditionnelle <strong data-start=\"5079\" data-end=\"5099\">chasse aux \u0153ufs de P\u00e2ques<\/strong> dans les magnifiques jardins du palais, tandis que les gourmands peuvent se laisser tenter par des d\u00e9lices de saison tels que l <strong data-start=\"5192\" data-end=\"5265\">&lsquo;Osterpinze (pain de P\u00e2ques autrichien) et le Tafelspitz (plat de b\u0153uf bouilli).<\/strong>   <\/p>\n<p data-start=\"5269\" data-end=\"5289\"><strong data-start=\"5269\" data-end=\"5287\">O\u00f9 s\u00e9journer :<\/strong><\/p>\n<p>S\u00e9journez \u00e0  <strong data-start=\"1639\" data-end=\"1710\"><a href=\"https:\/\/www.sacher.com\/de\/wien\" target=\"_new\" rel=\"noopener\" data-start=\"1641\" data-end=\"1708\">H\u00f4tel Sacher Wien<\/a><\/strong>Cet h\u00f4tel cinq \u00e9toiles embl\u00e9matique est r\u00e9put\u00e9 pour son service luxueux, son ambiance viennoise raffin\u00e9e et son restaurant de renomm\u00e9e mondiale.  <strong data-start=\"1818\" data-end=\"1833\">Sachertorte<\/strong>. Vous pouvez \u00e9galement faire l&rsquo;exp\u00e9rience de l&rsquo;\u00e9l\u00e9gance sophistiqu\u00e9e \u00e0 l&rsquo;h\u00f4tel Beethoven Vienna. <strong data-start=\"1889\" data-end=\"1949\"><a href=\"https:\/\/www.hotel-beethoven.at\/\" target=\"_new\" rel=\"noopener\" data-start=\"1891\" data-end=\"1947\">l&rsquo;h\u00f4tel Beethoven Vienna<\/a><\/strong>un h\u00f4tel de charme \u00e9l\u00e9gant qui allie charme classique et design contemporain, situ\u00e9 \u00e0 proximit\u00e9 des principales attractions de P\u00e2ques de Vienne.<\/p>\n<hr data-start=\"5792\" data-end=\"5795\">\n<h5 data-start=\"5797\" data-end=\"5849\"><strong data-start=\"5800\" data-end=\"5847\">5. Braga, Portugal - La \"Rome du Portugal\"<\/strong><\/h5>\n<p><img loading=\"lazy\" decoding=\"async\" class=\"alignnone size-full wp-image-66188\" src=\"https:\/\/www.chauffeur-services.com\/wp-content\/uploads\/2025\/03\/Farricoco_SemanaSantaBraga.jpg\" alt=\"\" width=\"2000\" height=\"1331\" title=\"\" srcset=\"https:\/\/www.chauffeur-services.com\/wp-content\/uploads\/2025\/03\/Farricoco_SemanaSantaBraga.jpg 2000w, https:\/\/www.chauffeur-services.com\/wp-content\/uploads\/2025\/03\/Farricoco_SemanaSantaBraga-600x399.jpg 600w, https:\/\/www.chauffeur-services.com\/wp-content\/uploads\/2025\/03\/Farricoco_SemanaSantaBraga-1200x799.jpg 1200w, https:\/\/www.chauffeur-services.com\/wp-content\/uploads\/2025\/03\/Farricoco_SemanaSantaBraga-768x511.jpg 768w, https:\/\/www.chauffeur-services.com\/wp-content\/uploads\/2025\/03\/Farricoco_SemanaSantaBraga-1536x1022.jpg 1536w\" sizes=\"(max-width: 2000px) 100vw, 2000px\" \/><\/p>\n<p data-start=\"5851\" data-end=\"6511\">Photo : dioc\u00e8se-braga<\/p>\n<p data-start=\"5851\" data-end=\"6511\">Braga, l&rsquo;une des plus anciennes villes du Portugal, accueille la <strong data-start=\"5902\" data-end=\"5930\">Semana Santa (Semaine sainte) de<\/strong> mani\u00e8re extraordinaire. Le centre historique de la ville est orn\u00e9 de bougies, de banni\u00e8res religieuses et d&rsquo;\u00e9glises magnifiquement d\u00e9cor\u00e9es. La <strong data-start=\"6067\" data-end=\"6091\">procession de l&rsquo;Ecce Homo<\/strong>, avec ses d\u00e9fil\u00e9s aux flambeaux et ses participants v\u00eatus de robes traditionnelles, est une exp\u00e9rience profond\u00e9ment \u00e9mouvante. \u00c0 Braga, P\u00e2ques n&rsquo;est pas seulement synonyme de solennit\u00e9, c&rsquo;est aussi l&rsquo;occasion de festoyer. La table de P\u00e2ques locale est remplie de <strong data-start=\"6312\" data-end=\"6399\">folar (pain de P\u00e2ques portugais), d&rsquo;agneau r\u00f4ti et d&rsquo;am\u00eandoas (amandes enrob\u00e9es de sucre).<\/strong> La riche histoire de Braga, ses superbes \u00e9glises baroques et la chaleureuse hospitalit\u00e9 locale en font un lieu de retraite id\u00e9al pour P\u00e2ques.    <\/p>\n<p data-start=\"6513\" data-end=\"6533\"><strong data-start=\"6513\" data-end=\"6531\">O\u00f9 s\u00e9journer :<\/strong><\/p>\n<p>S\u00e9journez \u00e0  <strong data-start=\"2121\" data-end=\"2222\"><a href=\"https:\/\/www.vilagale.com\/en\/hotels\/porto-and-north\/collection-braga\" target=\"_new\" rel=\"noopener\" data-start=\"2123\" data-end=\"2220\">Collection Vila Gal\u00e9 Braga<\/a><\/strong>L&rsquo;h\u00f4tel est un monast\u00e8re magnifiquement restaur\u00e9, transform\u00e9 en h\u00f4tel cinq \u00e9toiles, qui offre un m\u00e9lange unique d&rsquo;histoire, de luxe et de confort moderne. Vous pouvez \u00e9galement opter pour l <strong data-start=\"2369\" data-end=\"2424\"><a target=\"_new\" rel=\"noopener\" data-start=\"2371\" data-end=\"2422\">Hotel do Parque<\/a><\/strong>Un autre choix est l&rsquo;h\u00f4tel do Parque, un charmant h\u00f4tel nich\u00e9 dans le sanctuaire luxuriant de Bom Jesus, offrant une retraite tranquille \u00e0 quelques minutes du centre-ville. <\/p>\n<hr data-start=\"6996\" data-end=\"6999\">\n<h5 data-start=\"7001\" data-end=\"7049\"><strong data-start=\"7004\" data-end=\"7047\">Derni\u00e8res r\u00e9flexions : P\u00e2ques en Europe<\/strong><\/h5>\n<p data-start=\"134\" data-end=\"581\">Que vous soyez attir\u00e9 par les <strong data-start=\"162\" data-end=\"205\">processions religieuses de S\u00e9ville<\/strong>, les <strong data-start=\"211\" data-end=\"240\">march\u00e9s enjou\u00e9s de Cracovie<\/strong>, le <strong data-start=\"246\" data-end=\"290\">festival du lancer de casseroles de Corfou<\/strong>, le <strong data-start=\"296\" data-end=\"329\">raffinement culturel de Vienne<\/strong> ou la <strong data-start=\"338\" data-end=\"370\">grandeur historique de Braga<\/strong>, chacune de ces destinations offre une fa\u00e7on unique et inoubliable de c\u00e9l\u00e9brer P\u00e2ques en 2025. Adoptez les traditions, laissez-vous tenter par les d\u00e9lices locaux et laissez l&rsquo;esprit de P\u00e2ques emplir vos voyages de joie. <\/p>\n<p data-start=\"583\" data-end=\"1065\">Pour rendre votre voyage encore plus confortable et sans stress, envisagez de faire appel \u00e0 un service de chauffeur comme <strong><a href=\"https:\/\/old2.www.chauffeur-services.com\/\">Chauffeurs &amp; Services.<\/a><\/strong> Naviguer dans les \u00e9v\u00e9nements de P\u00e2ques bond\u00e9s et les rues de la ville peu famili\u00e8res peut \u00eatre un d\u00e9fi, mais un chauffeur priv\u00e9 vous permet de vous d\u00e9tendre et de profiter de l&rsquo;exp\u00e9rience sans vous soucier de la logistique du transport. Que vous ayez besoin d&rsquo;un transfert a\u00e9roport, d&rsquo;une voiture de luxe pour faire du tourisme ou d&rsquo;un chauffeur attitr\u00e9 pour la semaine, ce service vous assure un voyage sans faille et \u00e9l\u00e9gant. <\/p>\n","protected":false},"excerpt":{"rendered":"<p>En Europe, P\u00e2ques est plus qu&rsquo;un simple jour f\u00e9ri\u00e9 : c&rsquo;est une p\u00e9riode de profonde r\u00e9flexion spirituelle, de traditions ancestrales et de c\u00e9l\u00e9brations grandioses qui animent des villes enti\u00e8res. Des processions solennelles en Espagne aux march\u00e9s anim\u00e9s en Autriche, chaque pays offre une fa\u00e7on unique de c\u00e9l\u00e9brer la saison. Que vous soyez \u00e0 la recherche [&hellip;]<\/p>\n","protected":false},"author":12,"featured_media":66197,"comment_status":"closed","ping_status":"closed","sticky":false,"template":"","format":"standard","meta":{"_acf_changed":false,"content-type":"","footnotes":""},"categories":[158],"tags":[],"class_list":["post-66229","post","type-post","status-publish","format-standard","has-post-thumbnail","hentry","category-blog"],"acf":[],"_links":{"self":[{"href":"https:\/\/www.chauffeur-services.com\/fr\/wp-json\/wp\/v2\/posts\/66229","targetHints":{"allow":["GET"]}}],"collection":[{"href":"https:\/\/www.chauffeur-services.com\/fr\/wp-json\/wp\/v2\/posts"}],"about":[{"href":"https:\/\/www.chauffeur-services.com\/fr\/wp-json\/wp\/v2\/types\/post"}],"author":[{"embeddable":true,"href":"https:\/\/www.chauffeur-services.com\/fr\/wp-json\/wp\/v2\/users\/12"}],"replies":[{"embeddable":true,"href":"https:\/\/www.chauffeur-services.com\/fr\/wp-json\/wp\/v2\/comments?post=66229"}],"version-history":[{"count":0,"href":"https:\/\/www.chauffeur-services.com\/fr\/wp-json\/wp\/v2\/posts\/66229\/revisions"}],"wp:featuredmedia":[{"embeddable":true,"href":"https:\/\/www.chauffeur-services.com\/fr\/wp-json\/wp\/v2\/media\/66197"}],"wp:attachment":[{"href":"https:\/\/www.chauffeur-services.com\/fr\/wp-json\/wp\/v2\/media?parent=66229"}],"wp:term":[{"taxonomy":"category","embeddable":true,"href":"https:\/\/www.chauffeur-services.com\/fr\/wp-json\/wp\/v2\/categories?post=66229"},{"taxonomy":"post_tag","embeddable":true,"href":"https:\/\/www.chauffeur-services.com\/fr\/wp-json\/wp\/v2\/tags?post=66229"}],"curies":[{"name":"wp","href":"https:\/\/api.w.org\/{rel}","templated":true}]}}