{"id":54759,"date":"2025-01-06T17:00:24","date_gmt":"2025-01-06T16:00:24","guid":{"rendered":"https:\/\/new.www.chauffeur-services.com\/non-categorise\/semaine-de-la-mode-de-paris-2025-votre-guide-ultime-de-levenement-de-mode-le-plus-emblematique-au-monde\/"},"modified":"2026-01-19T10:20:49","modified_gmt":"2026-01-19T09:20:49","slug":"semaine-de-la-mode-de-paris-2025-votre-guide-ultime-de-levenement-de-mode-le-plus-emblematique-au-monde","status":"publish","type":"post","link":"https:\/\/www.chauffeur-services.com\/fr\/blog\/semaine-de-la-mode-de-paris-2025-votre-guide-ultime-de-levenement-de-mode-le-plus-emblematique-au-monde\/","title":{"rendered":"Paris Fashion Week 2026 : un \u00e9v\u00e9nement cl\u00e9 dans le calendrier mondial de la mode"},"content":{"rendered":"<p><img fetchpriority=\"high\" decoding=\"async\" class=\"aligncenter wp-image-62093 size-large\" src=\"https:\/\/www.chauffeur-services.com\/wp-content\/uploads\/2025\/01\/GettyImages-1345021711-2048x1365-1-1200x800.png\" alt=\"\" width=\"1200\" height=\"800\" title=\"\" srcset=\"https:\/\/www.chauffeur-services.com\/wp-content\/uploads\/2025\/01\/GettyImages-1345021711-2048x1365-1-1200x800.png 1200w, https:\/\/www.chauffeur-services.com\/wp-content\/uploads\/2025\/01\/GettyImages-1345021711-2048x1365-1-600x400.png 600w, https:\/\/www.chauffeur-services.com\/wp-content\/uploads\/2025\/01\/GettyImages-1345021711-2048x1365-1-768x512.png 768w, https:\/\/www.chauffeur-services.com\/wp-content\/uploads\/2025\/01\/GettyImages-1345021711-2048x1365-1-1536x1024.png 1536w, https:\/\/www.chauffeur-services.com\/wp-content\/uploads\/2025\/01\/GettyImages-1345021711-2048x1365-1.png 2048w\" sizes=\"(max-width: 1200px) 100vw, 1200px\" \/><\/p>\n<p>Cr\u00e9dit photo : lifestyle asia<\/p>\n<p data-start=\"495\" data-end=\"763\">La Semaine de la mode de Paris 2026 est l&rsquo;un des \u00e9v\u00e9nements les plus attendus de l&rsquo;industrie internationale de la mode. Tout au long de l&rsquo;ann\u00e9e, Paris devient l&rsquo;\u00e9picentre de la cr\u00e9ativit\u00e9, accueillant les plus grandes maisons de couture, les cr\u00e9ateurs, les acheteurs, les dirigeants et les m\u00e9dias du monde entier. <\/p>\n<p data-start=\"765\" data-end=\"971\">Alors que la ville se transforme en un centre mondial de la mode, les participants peuvent s&rsquo;attendre \u00e0 une succession de d\u00e9fil\u00e9s de haut niveau, de pr\u00e9sentations priv\u00e9es et d&rsquo;\u00e9v\u00e9nements exclusifs organis\u00e9s dans des lieux embl\u00e9matiques et des sites historiques.<\/p>\n<hr data-start=\"973\" data-end=\"976\">\n<h2 data-start=\"978\" data-end=\"1018\">Dates cl\u00e9s de la Fashion Week de Paris 2026<\/h2>\n<p data-start=\"1020\" data-end=\"1159\">La semaine de la mode de Paris se d\u00e9roule en plusieurs \u00e9tapes, chacune consacr\u00e9e \u00e0 une cat\u00e9gorie de mode sp\u00e9cifique. Le calendrier officiel comprend g\u00e9n\u00e9ralement <\/p>\n<h3 data-start=\"1161\" data-end=\"1207\">Semaine de la mode masculine automne\/hiver 2026-2027<\/h3>\n<p data-start=\"1208\" data-end=\"1319\">Habituellement organis\u00e9e en <strong data-start=\"1224\" data-end=\"1235\">janvier<\/strong>, cette session pr\u00e9sente les tendances de la mode masculine pour les saisons froides.<\/p>\n<h3 data-start=\"1321\" data-end=\"1359\">Haute Couture Printemps\/\u00c9t\u00e9 2026<\/h3>\n<p data-start=\"1360\" data-end=\"1546\">Se d\u00e9roulant peu apr\u00e8s la semaine de la mode masculine, la <strong data-start=\"1407\" data-end=\"1424\">Haute Couture<\/strong> met en valeur le savoir-faire exceptionnel, l&rsquo;innovation et l&rsquo;expression artistique des maisons de couture les plus prestigieuses du monde.<\/p>\n<h3 data-start=\"1548\" data-end=\"1596\">Semaine de la mode f\u00e9minine automne\/hiver 2026-2027<\/h3>\n<p data-start=\"1597\" data-end=\"1726\">Organis\u00e9 en <strong data-start=\"1610\" data-end=\"1619\">mars<\/strong>, ce segment met en lumi\u00e8re les collections qui d\u00e9finiront la mode f\u00e9minine pour la saison d&rsquo;hiver suivante.<\/p>\n<h3 data-start=\"1728\" data-end=\"1771\">Semaine de la mode masculine printemps\/\u00e9t\u00e9 2027<\/h3>\n<p data-start=\"1772\" data-end=\"1887\">En <strong data-start=\"1780\" data-end=\"1788\">juin<\/strong>, les cr\u00e9ateurs d\u00e9voilent des silhouettes plus l\u00e9g\u00e8res et des concepts avant-gardistes pour les mois chauds \u00e0 venir.<\/p>\n<h3 data-start=\"1889\" data-end=\"1930\">Haute Couture Automne\/Hiver 2026-2027<\/h3>\n<p data-start=\"1931\" data-end=\"2059\">Programm\u00e9e en <strong data-start=\"1944\" data-end=\"1952\">juillet<\/strong>, cette session m\u00eale tradition et cr\u00e9ativit\u00e9 \u00e0 travers certains des d\u00e9fil\u00e9s les plus exclusifs de l&rsquo;ann\u00e9e.<\/p>\n<h3 data-start=\"2061\" data-end=\"2106\">Semaine de la mode f\u00e9minine printemps\/\u00e9t\u00e9 2027<\/h3>\n<p data-start=\"2107\" data-end=\"2282\">Cl\u00f4turant le calendrier annuel de la mode, ce segment se d\u00e9roule en <strong data-start=\"2172\" data-end=\"2203\">septembre et d\u00e9but octobre<\/strong>, offrant un aper\u00e7u des futures tendances pour le printemps et l&rsquo;\u00e9t\u00e9 prochains.<\/p>\n<blockquote data-start=\"2284\" data-end=\"2398\">\n<p data-start=\"2286\" data-end=\"2398\"><em data-start=\"2286\" data-end=\"2398\">Les dates exactes sont annonc\u00e9es par la F\u00e9d\u00e9ration de la Haute Couture et de la Mode et peuvent varier l\u00e9g\u00e8rement chaque ann\u00e9e.<\/em><\/p>\n<\/blockquote>\n<h2><b>O\u00f9 s\u00e9journer : H\u00e9bergement de luxe \u00e0 Paris<\/b><\/h2>\n<p data-pm-slice=\"1 1 []\"><img decoding=\"async\" class=\"aligncenter wp-image-44633 size-full\" src=\"https:\/\/www.chauffeur-services.com\/wp-content\/uploads\/sites\/1\/519-u3q5nc0bw0-web4k.png\" alt=\"\" width=\"1536\" height=\"1228\" title=\"\" srcset=\"https:\/\/www.chauffeur-services.com\/wp-content\/uploads\/sites\/1\/519-u3q5nc0bw0-web4k.png 1536w, https:\/\/www.chauffeur-services.com\/wp-content\/uploads\/sites\/1\/519-u3q5nc0bw0-web4k-600x480.png 600w, https:\/\/www.chauffeur-services.com\/wp-content\/uploads\/sites\/1\/519-u3q5nc0bw0-web4k-1200x959.png 1200w, https:\/\/www.chauffeur-services.com\/wp-content\/uploads\/sites\/1\/519-u3q5nc0bw0-web4k-768x614.png 768w\" sizes=\"(max-width: 1536px) 100vw, 1536px\" \/><\/p>\n<p>Cr\u00e9dit photo : ritzparis.com<\/p>\n<div class=\"group\/conversation-turn relative flex w-full min-w-0 flex-col agent-turn\">\n<div class=\"flex-col gap-1 md:gap-3\">\n<div class=\"flex max-w-full flex-col flex-grow\">\n<div class=\"min-h-8 text-message flex w-full flex-col items-end gap-2 whitespace-normal break-words text-start [.text-message+&amp;]:mt-5\" dir=\"auto\" data-message-author-role=\"assistant\" data-message-id=\"1757f12a-5bd4-48c7-99cd-4c41128abb8f\" data-message-model-slug=\"gpt-4o\">\n<div class=\"flex w-full flex-col gap-1 empty:hidden first:pt-[3px]\">\n<div class=\"markdown prose w-full break-words dark:prose-invert light\">\n<h2 data-start=\"2405\" data-end=\"2447\">O\u00f9 s\u00e9journer pendant la semaine de la mode \u00e0 Paris ?<\/h2>\n<p data-start=\"2449\" data-end=\"2652\">Pendant la semaine de la mode \u00e0 Paris, les h\u00f4tels parisiens deviennent des points de rencontre dynamiques pour les professionnels de la mode et les invit\u00e9s internationaux. Le choix d&rsquo;un bon h\u00e9bergement est essentiel pour le confort et l&rsquo;efficacit\u00e9. <\/p>\n<p data-start=\"2654\" data-end=\"2910\">Les voyageurs de luxe privil\u00e9gient souvent les palaces tels que <strong data-start=\"2705\" data-end=\"2719\">Le Meurice<\/strong> ou le <strong data-start=\"2723\" data-end=\"2741\">Ritz Paris<\/strong>, r\u00e9put\u00e9s pour leur service discret et leur \u00e9l\u00e9gance intemporelle. Pour une atmosph\u00e8re plus intime, les h\u00f4tels-boutiques comme l&rsquo;<strong data-start=\"2855\" data-end=\"2871\">H\u00f4tel Costes<\/strong> restent populaires parmi les initi\u00e9s de la mode. <\/p>\n<p data-start=\"2912\" data-end=\"3163\">Les quartiers centraux tels que le <strong data-start=\"2953\" data-end=\"2975\">1er arrondissement<\/strong>, pr\u00e8s du Louvre, ou le <strong data-start=\"2997\" data-end=\"3010\">Marais<\/strong> permettent d&rsquo;acc\u00e9der facilement aux lieux de spectacle, aux salles d&rsquo;exposition et aux \u00e9v\u00e9nements priv\u00e9s. Il est fortement recommand\u00e9 de r\u00e9server \u00e0 l&rsquo;avance, car les disponibilit\u00e9s sont limit\u00e9es longtemps \u00e0 l&rsquo;avance. <\/p>\n<\/div>\n<\/div>\n<\/div>\n<\/div>\n<\/div>\n<\/div>\n<h4><b>Naviguer \u00e0 Paris pendant la semaine de la mode<\/b><\/h4>\n<p><img decoding=\"async\" class=\"aligncenter wp-image-44632 size-full\" src=\"https:\/\/www.chauffeur-services.com\/wp-content\/uploads\/sites\/1\/DeWatermark.ai_1736171566017.png\" alt=\"\" width=\"1280\" height=\"718\" title=\"\" srcset=\"https:\/\/www.chauffeur-services.com\/wp-content\/uploads\/sites\/1\/DeWatermark.ai_1736171566017.png 1280w, https:\/\/www.chauffeur-services.com\/wp-content\/uploads\/sites\/1\/DeWatermark.ai_1736171566017-600x337.png 600w, https:\/\/www.chauffeur-services.com\/wp-content\/uploads\/sites\/1\/DeWatermark.ai_1736171566017-1200x673.png 1200w, https:\/\/www.chauffeur-services.com\/wp-content\/uploads\/sites\/1\/DeWatermark.ai_1736171566017-768x431.png 768w\" sizes=\"(max-width: 1280px) 100vw, 1280px\" \/><\/p>\n<h2 data-start=\"3170\" data-end=\"3209\">Naviguer \u00e0 Paris pendant la semaine de la mode<\/h2>\n<p data-start=\"3211\" data-end=\"3399\">La semaine de la mode \u00e0 Paris est l&rsquo;une des p\u00e9riodes les plus charg\u00e9es de l&rsquo;ann\u00e9e. Les lieux de d\u00e9fil\u00e9s \u00e9tant diss\u00e9min\u00e9s dans toute la ville et les horaires changeant souvent au pied lev\u00e9, un moyen de transport fiable devient un facteur cl\u00e9. <\/p>\n<p data-start=\"3401\" data-end=\"3700\">Un service de chauffeur priv\u00e9 offre une solution transparente pour se d\u00e9placer entre les h\u00f4tels, les d\u00e9fil\u00e9s, les salles d&rsquo;exposition et les soir\u00e9es. <a href=\"https:\/\/www.chauffeur-services.com\/fr\/destinations\/france\/paris\/\">Chauffeurs &amp; Services<\/a> assure un transport discret, ponctuel et confortable, permettant aux clients de se concentrer enti\u00e8rement sur leurs engagements professionnels et sociaux.<\/p>\n<p data-start=\"3702\" data-end=\"3724\">Cette approche permet de garantir<\/p>\n<ul data-start=\"3725\" data-end=\"3889\">\n<li data-start=\"3725\" data-end=\"3763\">\n<p data-start=\"3727\" data-end=\"3763\">D&rsquo;Adresse \u00e0 L&rsquo;autre efficace<\/p>\n<\/li>\n<li data-start=\"3764\" data-end=\"3817\">\n<p data-start=\"3766\" data-end=\"3817\">Des horaires flexibles adapt\u00e9s aux changements de derni\u00e8re minute<\/p>\n<\/li>\n<li data-start=\"3818\" data-end=\"3889\">\n<p data-start=\"3820\" data-end=\"3889\">Une exp\u00e9rience de voyage calme et contr\u00f4l\u00e9e pendant les p\u00e9riodes de pointe du trafic<\/p>\n<\/li>\n<\/ul>\n<hr data-start=\"3891\" data-end=\"3894\">\n<h2 data-start=\"3896\" data-end=\"3945\">Conseils pour profiter au mieux de la semaine de la mode \u00e0 Paris<\/h2>\n<ul data-start=\"3947\" data-end=\"4332\">\n<li data-start=\"3947\" data-end=\"4031\">\n<p data-start=\"3949\" data-end=\"4031\"><strong data-start=\"3949\" data-end=\"3963\">Planifiez \u00e0 l&rsquo;avance<\/strong>: Confirmez les invitations, les lieux et les horaires le plus t\u00f4t possible.<\/p>\n<\/li>\n<li data-start=\"4032\" data-end=\"4122\">\n<p data-start=\"4034\" data-end=\"4122\"><strong data-start=\"4034\" data-end=\"4051\">Restez inform\u00e9<\/strong>: Surveillez les canaux officiels pour les mises \u00e0 jour de derni\u00e8re minute ou les changements de lieu.<\/p>\n<\/li>\n<li data-start=\"4123\" data-end=\"4224\">\n<p data-start=\"4125\" data-end=\"4224\"><strong data-start=\"4125\" data-end=\"4149\">Habillez-vous avec intention<\/strong>: La semaine de la mode \u00e0 Paris c\u00e9l\u00e8bre le style personnel autant que les d\u00e9fil\u00e9s de mode.<\/p>\n<\/li>\n<li data-start=\"4225\" data-end=\"4332\">\n<p data-start=\"4227\" data-end=\"4332\"><strong data-start=\"4227\" data-end=\"4252\">Cr\u00e9ez des r\u00e9seaux de mani\u00e8re strat\u00e9gique<\/strong>: Les \u00e9v\u00e9nements priv\u00e9s et les after-parties sont des moments cl\u00e9s pour nouer des liens significatifs.<\/p>\n<\/li>\n<\/ul>\n<hr data-start=\"4334\" data-end=\"4337\">\n<h2 data-start=\"4339\" data-end=\"4352\">Conclusion<\/h2>\n<p data-start=\"4354\" data-end=\"4583\">La Semaine de la mode de Paris 2026 promet une nouvelle c\u00e9l\u00e9bration remarquable de la cr\u00e9ativit\u00e9, de l&rsquo;artisanat et de l&rsquo;innovation. De l&rsquo;\u00e9nergie des d\u00e9fil\u00e9s au rythme de la ville elle-m\u00eame, l&rsquo;exp\u00e9rience est aussi exigeante qu&rsquo;inspirante. <\/p>\n<p data-start=\"4585\" data-end=\"4812\">Une planification minutieuse, un h\u00e9bergement raffin\u00e9 et des moyens de transport fiables sont essentiels pour passer la semaine sans encombre. En organisant votre voyage \u00e0 l&rsquo;avance, vous vous assurez une exp\u00e9rience fluide et \u00e9l\u00e9gante dans la capitale mondiale de la mode. <\/p>\n\n<p><\/p>\n","protected":false},"excerpt":{"rendered":"<p>Cr\u00e9dit photo : lifestyle asia La Semaine de la mode de Paris 2026 est l&rsquo;un des \u00e9v\u00e9nements les plus attendus de l&rsquo;industrie internationale de la mode. Tout au long de l&rsquo;ann\u00e9e, Paris devient l&rsquo;\u00e9picentre de la cr\u00e9ativit\u00e9, accueillant les plus grandes maisons de couture, les cr\u00e9ateurs, les acheteurs, les dirigeants et les m\u00e9dias du monde [&hellip;]<\/p>\n","protected":false},"author":9,"featured_media":62095,"comment_status":"closed","ping_status":"closed","sticky":false,"template":"","format":"standard","meta":{"_acf_changed":false,"content-type":"","footnotes":""},"categories":[158],"tags":[],"class_list":["post-54759","post","type-post","status-publish","format-standard","has-post-thumbnail","hentry","category-blog"],"acf":[],"_links":{"self":[{"href":"https:\/\/www.chauffeur-services.com\/fr\/wp-json\/wp\/v2\/posts\/54759","targetHints":{"allow":["GET"]}}],"collection":[{"href":"https:\/\/www.chauffeur-services.com\/fr\/wp-json\/wp\/v2\/posts"}],"about":[{"href":"https:\/\/www.chauffeur-services.com\/fr\/wp-json\/wp\/v2\/types\/post"}],"author":[{"embeddable":true,"href":"https:\/\/www.chauffeur-services.com\/fr\/wp-json\/wp\/v2\/users\/9"}],"replies":[{"embeddable":true,"href":"https:\/\/www.chauffeur-services.com\/fr\/wp-json\/wp\/v2\/comments?post=54759"}],"version-history":[{"count":0,"href":"https:\/\/www.chauffeur-services.com\/fr\/wp-json\/wp\/v2\/posts\/54759\/revisions"}],"wp:featuredmedia":[{"embeddable":true,"href":"https:\/\/www.chauffeur-services.com\/fr\/wp-json\/wp\/v2\/media\/62095"}],"wp:attachment":[{"href":"https:\/\/www.chauffeur-services.com\/fr\/wp-json\/wp\/v2\/media?parent=54759"}],"wp:term":[{"taxonomy":"category","embeddable":true,"href":"https:\/\/www.chauffeur-services.com\/fr\/wp-json\/wp\/v2\/categories?post=54759"},{"taxonomy":"post_tag","embeddable":true,"href":"https:\/\/www.chauffeur-services.com\/fr\/wp-json\/wp\/v2\/tags?post=54759"}],"curies":[{"name":"wp","href":"https:\/\/api.w.org\/{rel}","templated":true}]}}