{"id":54266,"date":"2024-09-20T17:00:42","date_gmt":"2024-09-20T15:00:42","guid":{"rendered":"https:\/\/new.www.chauffeur-services.com\/sin-categoria\/vive-con-estilo-la-semana-de-la-moda-de-paris-2024-con-un-chofer-privado\/"},"modified":"2025-08-14T21:12:32","modified_gmt":"2025-08-14T19:12:32","slug":"vive-con-estilo-la-semana-de-la-moda-de-paris-2024-con-un-chofer-privado","status":"publish","type":"post","link":"https:\/\/www.chauffeur-services.com\/es\/blog\/vive-con-estilo-la-semana-de-la-moda-de-paris-2024-con-un-chofer-privado\/","title":{"rendered":"Vive con estilo la Semana de la Moda de Par\u00eds 2024 con un ch\u00f3fer privado"},"content":{"rendered":"\n<p>Cr\u00e9ditos de las fotos: Foto AFP<\/p>\n\n<p><strong>La Semana de la Moda de Par\u00eds<\/strong>, del <strong>23 de septiembre al 1 de octubre de 2024<\/strong>, es el ep\u00edtome del lujo, el estilo y la moda de vanguardia. Como uno de los eventos de moda m\u00e1s prestigiosos del mundo, atrae a dise\u00f1adores, famosos, editores de moda, personas influyentes y entusiastas del estilo de todo el planeta. Desde los glamurosos desfiles hasta las exclusivas fiestas posteriores, la Semana de la Moda de Par\u00eds es un acontecimiento en el que cada detalle importa, incluso c\u00f3mo te desplazas.  <\/p>\n\n<p>Con las calles de Par\u00eds repletas de visitantes y el encanto de la ciudad a flor de piel, navegar por las abarrotadas avenidas puede ser todo un reto. Por eso, contratar un ch\u00f3fer privado no es s\u00f3lo un lujo: es una necesidad. En <a href=\"https:\/\/www.chauffeur-services.com\/es\/\"><strong>Chauffeurs &amp; Services<\/strong><\/a>comprendemos las exigencias de un evento de tan alto nivel y ofrecemos servicios de ch\u00f3fer a medida que elevan su experiencia de la Semana de la Moda de Par\u00eds.  <\/p>\n\n<p>He aqu\u00ed por qu\u00e9 contratar un ch\u00f3fer privado con Chauffeurs &amp; Services har\u00e1 que su estancia en la Semana de la Moda de Par\u00eds sea fluida, elegante y sin estr\u00e9s.<\/p>\n\n<div style=\"height:41px\" aria-hidden=\"true\" class=\"wp-block-spacer\"><\/div>\n\n<h5 class=\"wp-block-heading\"><strong>1. Entra con estilo<\/strong><\/h5>\n\n<p>La Semana de la Moda de Par\u00eds consiste en causar impresi\u00f3n, y tu llegada no es una excepci\u00f3n. Tanto si asistes a un desfile en el Grand Palais, a una cena VIP o a una fiesta privada posterior, llegar en un veh\u00edculo de lujo con ch\u00f3fer privado es la forma perfecta de causar sensaci\u00f3n. <\/p>\n\n<p>En <a href=\"https:\/\/www.chauffeur-services.com\/es\/\"><strong>Chauffeurs &amp; Services<\/strong><\/a>ponemos a su disposici\u00f3n una flota de veh\u00edculos de primera calidad, garantiz\u00e1ndole que viajar\u00e1 con estilo y elegancia. Nuestros conductores profesionales comprenden la importancia de la puntualidad y la apariencia, ayud\u00e1ndole a hacer una gran entrada en cada lugar. Tanto si llega solo como con su s\u00e9quito, nos aseguraremos de que su viaje sea tan lujoso como la moda que va a ver.  <\/p>\n\n<div style=\"height:41px\" aria-hidden=\"true\" class=\"wp-block-spacer\"><\/div>\n\n<h5 class=\"wp-block-heading\"><strong>2. Navega por Par\u00eds con facilidad<\/strong><\/h5>\n\n<p>Par\u00eds es una ciudad de calles estrechas, tr\u00e1fico bullicioso y aparcamiento limitado, especialmente durante un acontecimiento internacional como la Semana de la Moda. Intentar recorrer la ciudad por tu cuenta, ya sea en taxi o en transporte p\u00fablico, puede llevar mucho tiempo y ser frustrante. Contratar a un conductor privado elimina por completo estas molestias.  <\/p>\n\n<p>Nuestros conductores son expertos en el tr\u00e1fico y la log\u00edstica de Par\u00eds. Conocen las rutas m\u00e1s r\u00e1pidas, los lugares ideales para dejar a los participantes y c\u00f3mo evitar retrasos innecesarios. No tendr\u00e1s que preocuparte de encontrar aparcamiento ni de lidiar con los cierres de carreteras: d\u00e9janos esos detalles a nosotros, para que puedas centrarte en disfrutar del espect\u00e1culo.  <\/p>\n\n<figure class=\"wp-block-image\"><img fetchpriority=\"high\" decoding=\"async\" width=\"2560\" height=\"1600\" src=\"https:\/\/www.chauffeur-services.com\/wp-content\/uploads\/2024\/09\/pexels-candelario-benitez-22211869-32241098.jpg\" alt=\"semana de la moda de par&#xED;s\" class=\"wp-image-135384\" title=\"\" srcset=\"https:\/\/www.chauffeur-services.com\/wp-content\/uploads\/2024\/09\/pexels-candelario-benitez-22211869-32241098.jpg 2560w, https:\/\/www.chauffeur-services.com\/wp-content\/uploads\/2024\/09\/pexels-candelario-benitez-22211869-32241098-600x375.jpg 600w, https:\/\/www.chauffeur-services.com\/wp-content\/uploads\/2024\/09\/pexels-candelario-benitez-22211869-32241098-1200x750.jpg 1200w, https:\/\/www.chauffeur-services.com\/wp-content\/uploads\/2024\/09\/pexels-candelario-benitez-22211869-32241098-768x480.jpg 768w, https:\/\/www.chauffeur-services.com\/wp-content\/uploads\/2024\/09\/pexels-candelario-benitez-22211869-32241098-1536x960.jpg 1536w, https:\/\/www.chauffeur-services.com\/wp-content\/uploads\/2024\/09\/pexels-candelario-benitez-22211869-32241098-2048x1280.jpg 2048w\" sizes=\"(max-width: 2560px) 100vw, 2560px\" \/><\/figure>\n\n<div style=\"height:41px\" aria-hidden=\"true\" class=\"wp-block-spacer\"><\/div>\n\n<h5 class=\"wp-block-heading\"><strong>3. Adaptado a tu horario<\/strong><\/h5>\n\n<p>La Semana de la Moda de Par\u00eds est\u00e1 repleta de desfiles consecutivos, reuniones y eventos exclusivos repartidos por toda la ciudad. Intentar ce\u00f1irse a un horario r\u00edgido puede resultar abrumador, sobre todo cuando tienes que lidiar con un tr\u00e1fico imprevisible o cambios de \u00faltima hora. Ah\u00ed es donde entra en juego la flexibilidad de un ch\u00f3fer privado.  <\/p>\n\n<p>Le ofrecemos un transporte totalmente personalizado y adaptado a su itinerario. \u00bfNecesita ir corriendo del desfile de Dior a una fiesta posterior al otro lado de la ciudad? \u00bfO quiz\u00e1s le gustar\u00eda hacer una parada r\u00e1pida en uno de los lugares emblem\u00e1ticos de Par\u00eds antes de su pr\u00f3ximo evento? Sean cuales sean sus planes, su Ch\u00f3fer estar\u00e1 a su servicio, listo para adaptarse a cualquier cambio. Disfrute de la comodidad y la tranquilidad, permiti\u00e9ndole centrarse en lo que m\u00e1s importa: la moda.    <\/p>\n\n<div style=\"height:41px\" aria-hidden=\"true\" class=\"wp-block-spacer\"><\/div>\n\n<h5 class=\"wp-block-heading\"><strong>4. Privacidad y discreci\u00f3n<\/strong><\/h5>\n\n<p>La Semana de la Moda de Par\u00eds suele atraer a invitados de alto nivel, desde famosos de la lista A a dise\u00f1adores de moda de primera fila. Tanto si eres un personaje p\u00fablico como si simplemente quieres pasar desapercibido, la privacidad y la discreci\u00f3n son fundamentales. <\/p>\n\n<p>En <a href=\"https:\/\/www.chauffeur-services.com\/es\/\"><strong>Chauffeurs &amp; Services<\/strong><\/a>entendemos la importancia de la privacidad de nuestros clientes. Nuestros ch\u00f3feres est\u00e1n formados para ofrecer un servicio discreto y profesional, garantizando que pueda relajarse y disfrutar de su viaje con total comodidad. Tendr\u00e1 la seguridad de saber que su ch\u00f3fer respeta su necesidad de confidencialidad.  <\/p>\n\n<div style=\"height:41px\" aria-hidden=\"true\" class=\"wp-block-spacer\"><\/div>\n\n<h5 class=\"wp-block-heading\"><strong>5. Rel\u00e1jate c\u00f3modamente entre eventos<\/strong><\/h5>\n\n<p>La Semana de la Moda de Par\u00eds es emocionante, pero tambi\u00e9n puede ser agotadora. Correr de un evento a otro, asistir a pruebas, establecer contactos con profesionales del sector y cumplir con los compromisos sociales puede pasar factura. Tener un ch\u00f3fer privado te da la oportunidad de relajarte y reponer fuerzas entre compromisos.  <\/p>\n\n<p>Nuestros veh\u00edculos de lujo est\u00e1n equipados con todas las comodidades que necesitas para relajarte con estilo. H\u00fandete en asientos de felpa, disfruta de un entorno tranquilo y t\u00f3mate un momento para recuperar el aliento antes de tu pr\u00f3ximo evento. Tanto si se trata de un trayecto corto por la ciudad como de un viaje m\u00e1s largo, viajar\u00e1s con comodidad y llegar\u00e1s renovado.  <\/p>\n\n<div style=\"height:41px\" aria-hidden=\"true\" class=\"wp-block-spacer\"><\/div>\n\n<h5 class=\"wp-block-heading\"><strong>6. Explora Par\u00eds m\u00e1s all\u00e1 de la Semana de la Moda<\/strong><\/h5>\n\n<p>Aunque la Semana de la Moda es el acontecimiento principal, Par\u00eds ofrece mucho m\u00e1s que explorar. Con un ch\u00f3fer privado a tu disposici\u00f3n, puedes aprovechar la riqueza cultural y los lugares emblem\u00e1ticos de la ciudad durante tu tiempo libre. Visita la Torre Eiffel, pasea por el Sena o disfruta de una comida en uno de los restaurantes de fama mundial de Par\u00eds. Tu ch\u00f3fer tambi\u00e9n puede recomendarte joyas ocultas y lugares locales para que tu viaje sea a\u00fan m\u00e1s memorable.   <\/p>\n\n<div style=\"height:41px\" aria-hidden=\"true\" class=\"wp-block-spacer\"><\/div>\n\n<h5 class=\"wp-block-heading\"><strong>Reserva tu ch\u00f3fer privado para la Semana de la Moda de Par\u00eds<\/strong><\/h5>\n\n<p>Aseg\u00farese de que su experiencia en la Semana de la Moda de Par\u00eds sea tan impecable como los dise\u00f1os de la pasarela <a href=\"https:\/\/www.chauffeur-services.com\/france\/paris\/\">reservando un ch\u00f3fer privado con Chauffeurs &amp; Services<\/a>. Desde un transporte impecable hasta un lujoso confort, nos ocupamos de todos los detalles para que usted pueda centrarse en la moda. Tanto si asiste durante un d\u00eda como si lo hace durante toda la semana, nuestros ch\u00f3feres profesionales est\u00e1n aqu\u00ed para mejorar su visita a Par\u00eds.  <\/p>\n\n<p>Ponte en contacto con nosotros hoy mismo para reservar tu ch\u00f3fer privado y elevar tu experiencia en la Semana de la Moda de Par\u00eds.<\/p>\n\n<figure class=\"wp-block-image\"><img decoding=\"async\" width=\"2560\" height=\"1708\" src=\"https:\/\/www.chauffeur-services.com\/wp-content\/uploads\/2025\/06\/elegant-business-woman-white-casual-clothes-walks-luxury-car-man-with-suitcase-opens-vehicle-door-having-business-trip-together.jpg\" alt=\"&#xBF;Qu&#xE9; se siente al viajar en First Class por tierra?\" class=\"wp-image-115865\" title=\"\" srcset=\"https:\/\/www.chauffeur-services.com\/wp-content\/uploads\/2025\/06\/elegant-business-woman-white-casual-clothes-walks-luxury-car-man-with-suitcase-opens-vehicle-door-having-business-trip-together.jpg 2560w, https:\/\/www.chauffeur-services.com\/wp-content\/uploads\/2025\/06\/elegant-business-woman-white-casual-clothes-walks-luxury-car-man-with-suitcase-opens-vehicle-door-having-business-trip-together-600x400.jpg 600w, https:\/\/www.chauffeur-services.com\/wp-content\/uploads\/2025\/06\/elegant-business-woman-white-casual-clothes-walks-luxury-car-man-with-suitcase-opens-vehicle-door-having-business-trip-together-1200x800.jpg 1200w, https:\/\/www.chauffeur-services.com\/wp-content\/uploads\/2025\/06\/elegant-business-woman-white-casual-clothes-walks-luxury-car-man-with-suitcase-opens-vehicle-door-having-business-trip-together-768x512.jpg 768w, https:\/\/www.chauffeur-services.com\/wp-content\/uploads\/2025\/06\/elegant-business-woman-white-casual-clothes-walks-luxury-car-man-with-suitcase-opens-vehicle-door-having-business-trip-together-1536x1025.jpg 1536w\" sizes=\"(max-width: 2560px) 100vw, 2560px\" \/><\/figure>\n","protected":false},"excerpt":{"rendered":"<p>Cr\u00e9ditos de las fotos: Foto AFP La Semana de la Moda de Par\u00eds, del 23 de septiembre al 1 de octubre de 2024, es el ep\u00edtome del lujo, el estilo y la moda de vanguardia. Como uno de los eventos de moda m\u00e1s prestigiosos del mundo, atrae a dise\u00f1adores, famosos, editores de moda, personas influyentes [&hellip;]<\/p>\n","protected":false},"author":7,"featured_media":54267,"comment_status":"closed","ping_status":"closed","sticky":false,"template":"","format":"standard","meta":{"_acf_changed":false,"content-type":"","footnotes":""},"categories":[173],"tags":[],"class_list":["post-54266","post","type-post","status-publish","format-standard","has-post-thumbnail","hentry","category-blog"],"acf":[],"_links":{"self":[{"href":"https:\/\/www.chauffeur-services.com\/es\/wp-json\/wp\/v2\/posts\/54266","targetHints":{"allow":["GET"]}}],"collection":[{"href":"https:\/\/www.chauffeur-services.com\/es\/wp-json\/wp\/v2\/posts"}],"about":[{"href":"https:\/\/www.chauffeur-services.com\/es\/wp-json\/wp\/v2\/types\/post"}],"author":[{"embeddable":true,"href":"https:\/\/www.chauffeur-services.com\/es\/wp-json\/wp\/v2\/users\/7"}],"replies":[{"embeddable":true,"href":"https:\/\/www.chauffeur-services.com\/es\/wp-json\/wp\/v2\/comments?post=54266"}],"version-history":[{"count":0,"href":"https:\/\/www.chauffeur-services.com\/es\/wp-json\/wp\/v2\/posts\/54266\/revisions"}],"wp:featuredmedia":[{"embeddable":true,"href":"https:\/\/www.chauffeur-services.com\/es\/wp-json\/wp\/v2\/media\/54267"}],"wp:attachment":[{"href":"https:\/\/www.chauffeur-services.com\/es\/wp-json\/wp\/v2\/media?parent=54266"}],"wp:term":[{"taxonomy":"category","embeddable":true,"href":"https:\/\/www.chauffeur-services.com\/es\/wp-json\/wp\/v2\/categories?post=54266"},{"taxonomy":"post_tag","embeddable":true,"href":"https:\/\/www.chauffeur-services.com\/es\/wp-json\/wp\/v2\/tags?post=54266"}],"curies":[{"name":"wp","href":"https:\/\/api.w.org\/{rel}","templated":true}]}}