{"id":54237,"date":"2025-01-06T17:00:24","date_gmt":"2025-01-06T16:00:24","guid":{"rendered":"https:\/\/new.www.chauffeur-services.com\/sin-categoria\/semana-de-la-moda-de-paris-2025-tu-guia-definitiva-del-evento-de-moda-mas-iconico-del-mundo\/"},"modified":"2026-01-19T10:20:49","modified_gmt":"2026-01-19T09:20:49","slug":"semana-de-la-moda-de-paris-2025-tu-guia-definitiva-del-evento-de-moda-mas-iconico-del-mundo","status":"publish","type":"post","link":"https:\/\/www.chauffeur-services.com\/es\/blog\/semana-de-la-moda-de-paris-2025-tu-guia-definitiva-del-evento-de-moda-mas-iconico-del-mundo\/","title":{"rendered":"Semana de la Moda de Par\u00eds 2026: un acontecimiento clave en el calendario mundial de la moda"},"content":{"rendered":"<p><img fetchpriority=\"high\" decoding=\"async\" class=\"aligncenter wp-image-62093 size-large\" src=\"https:\/\/www.chauffeur-services.com\/wp-content\/uploads\/2025\/01\/GettyImages-1345021711-2048x1365-1-1200x800.png\" alt=\"\" width=\"1200\" height=\"800\" title=\"\" srcset=\"https:\/\/www.chauffeur-services.com\/wp-content\/uploads\/2025\/01\/GettyImages-1345021711-2048x1365-1-1200x800.png 1200w, https:\/\/www.chauffeur-services.com\/wp-content\/uploads\/2025\/01\/GettyImages-1345021711-2048x1365-1-600x400.png 600w, https:\/\/www.chauffeur-services.com\/wp-content\/uploads\/2025\/01\/GettyImages-1345021711-2048x1365-1-768x512.png 768w, https:\/\/www.chauffeur-services.com\/wp-content\/uploads\/2025\/01\/GettyImages-1345021711-2048x1365-1-1536x1024.png 1536w, https:\/\/www.chauffeur-services.com\/wp-content\/uploads\/2025\/01\/GettyImages-1345021711-2048x1365-1.png 2048w\" sizes=\"(max-width: 1200px) 100vw, 1200px\" \/><\/p>\n<p>Cr\u00e9dito de la foto: lifestyle asia<\/p>\n<p data-start=\"495\" data-end=\"763\">La Semana de la Moda de Par\u00eds 2026 se erige como uno de los acontecimientos m\u00e1s esperados de la industria internacional de la moda. A lo largo del a\u00f1o, Par\u00eds se convierte en el epicentro de la creatividad, acogiendo a las principales casas de moda, dise\u00f1adores, compradores, ejecutivos y medios de comunicaci\u00f3n de todo el mundo. <\/p>\n<p data-start=\"765\" data-end=\"971\">A medida que la ciudad se transforma en un centro mundial de la moda, los asistentes pueden esperar una sucesi\u00f3n de desfiles de alto nivel, presentaciones privadas y eventos exclusivos celebrados en lugares emblem\u00e1ticos y emplazamientos hist\u00f3ricos.<\/p>\n<hr data-start=\"973\" data-end=\"976\">\n<h2 data-start=\"978\" data-end=\"1018\">Fechas clave de la Semana de la Moda de Par\u00eds 2026<\/h2>\n<p data-start=\"1020\" data-end=\"1159\">La Semana de la Moda de Par\u00eds se desarrolla en varios segmentos, cada uno dedicado a una categor\u00eda espec\u00edfica de la moda. El calendario oficial suele incluir: <\/p>\n<h3 data-start=\"1161\" data-end=\"1207\">Semana de la Moda Masculina Oto\u00f1o\/Invierno 2026-2027<\/h3>\n<p data-start=\"1208\" data-end=\"1319\">Esta sesi\u00f3n, que suele celebrarse en <strong data-start=\"1224\" data-end=\"1235\">enero<\/strong>, presenta las pr\u00f3ximas tendencias en moda masculina para las estaciones m\u00e1s fr\u00edas.<\/p>\n<h3 data-start=\"1321\" data-end=\"1359\">Alta costura primavera\/verano 2026<\/h3>\n<p data-start=\"1360\" data-end=\"1546\">La <strong data-start=\"1407\" data-end=\"1424\">Alta Costura<\/strong>, que tiene lugar poco despu\u00e9s de la Semana de la Moda Masculina, muestra la artesan\u00eda excepcional, la innovaci\u00f3n y la expresi\u00f3n art\u00edstica de las casas de moda m\u00e1s prestigiosas del mundo.<\/p>\n<h3 data-start=\"1548\" data-end=\"1596\">Semana de la Moda Femenina Oto\u00f1o\/Invierno 2026-2027<\/h3>\n<p data-start=\"1597\" data-end=\"1726\">Organizado en <strong data-start=\"1610\" data-end=\"1619\">marzo<\/strong>, este segmento destaca las colecciones que definir\u00e1n la moda femenina de la pr\u00f3xima temporada de invierno.<\/p>\n<h3 data-start=\"1728\" data-end=\"1771\">Semana de la Moda Masculina Primavera\/Verano 2027<\/h3>\n<p data-start=\"1772\" data-end=\"1887\">Celebrada en <strong data-start=\"1780\" data-end=\"1788\">junio<\/strong>, los dise\u00f1adores revelan siluetas m\u00e1s ligeras y conceptos con visi\u00f3n de futuro para los pr\u00f3ximos meses m\u00e1s c\u00e1lidos.<\/p>\n<h3 data-start=\"1889\" data-end=\"1930\">Alta costura oto\u00f1o\/invierno 2026-2027<\/h3>\n<p data-start=\"1931\" data-end=\"2059\">Programada en <strong data-start=\"1944\" data-end=\"1952\">julio<\/strong>, esta sesi\u00f3n mezcla tradici\u00f3n y creatividad a trav\u00e9s de algunas de las pasarelas m\u00e1s exclusivas del a\u00f1o.<\/p>\n<h3 data-start=\"2061\" data-end=\"2106\">Semana de la Moda Femenina Primavera\/Verano 2027<\/h3>\n<p data-start=\"2107\" data-end=\"2282\">Cerrando el calendario anual de la moda, este segmento tiene lugar en <strong data-start=\"2172\" data-end=\"2203\">septiembre y principios de octubre<\/strong>, y ofrece una visi\u00f3n de las futuras tendencias para las pr\u00f3ximas temporadas de primavera y verano.<\/p>\n<blockquote data-start=\"2284\" data-end=\"2398\">\n<p data-start=\"2286\" data-end=\"2398\"><em data-start=\"2286\" data-end=\"2398\">Las fechas exactas son anunciadas por la F\u00e9d\u00e9ration de la Haute Couture et de la Mode y pueden variar ligeramente cada a\u00f1o.<\/em><\/p>\n<\/blockquote>\n<h2><b>D\u00f3nde alojarse: Alojamientos de lujo en Par\u00eds<\/b><\/h2>\n<p data-pm-slice=\"1 1 []\"><img decoding=\"async\" class=\"aligncenter wp-image-44633 size-full\" src=\"https:\/\/www.chauffeur-services.com\/wp-content\/uploads\/sites\/1\/519-u3q5nc0bw0-web4k.png\" alt=\"\" width=\"1536\" height=\"1228\" title=\"\" srcset=\"https:\/\/www.chauffeur-services.com\/wp-content\/uploads\/sites\/1\/519-u3q5nc0bw0-web4k.png 1536w, https:\/\/www.chauffeur-services.com\/wp-content\/uploads\/sites\/1\/519-u3q5nc0bw0-web4k-600x480.png 600w, https:\/\/www.chauffeur-services.com\/wp-content\/uploads\/sites\/1\/519-u3q5nc0bw0-web4k-1200x959.png 1200w, https:\/\/www.chauffeur-services.com\/wp-content\/uploads\/sites\/1\/519-u3q5nc0bw0-web4k-768x614.png 768w\" sizes=\"(max-width: 1536px) 100vw, 1536px\" \/><\/p>\n<p>Cr\u00e9dito de la foto: ritzparis.com<\/p>\n<div class=\"group\/conversation-turn relative flex w-full min-w-0 flex-col agent-turn\">\n<div class=\"flex-col gap-1 md:gap-3\">\n<div class=\"flex max-w-full flex-col flex-grow\">\n<div class=\"min-h-8 text-message flex w-full flex-col items-end gap-2 whitespace-normal break-words text-start [.text-message+&amp;]:mt-5\" dir=\"auto\" data-message-author-role=\"assistant\" data-message-id=\"1757f12a-5bd4-48c7-99cd-4c41128abb8f\" data-message-model-slug=\"gpt-4o\">\n<div class=\"flex w-full flex-col gap-1 empty:hidden first:pt-[3px]\">\n<div class=\"markdown prose w-full break-words dark:prose-invert light\">\n<h2 data-start=\"2405\" data-end=\"2447\">D\u00f3nde alojarse durante la Semana de la Moda de Par\u00eds<\/h2>\n<p data-start=\"2449\" data-end=\"2652\">Durante la Semana de la Moda de Par\u00eds, los hoteles parisinos se convierten en vibrantes puntos de encuentro para los profesionales de la moda y los invitados internacionales. Elegir el alojamiento adecuado es esencial tanto para la comodidad como para la eficacia. <\/p>\n<p data-start=\"2654\" data-end=\"2910\">Los viajeros de lujo suelen decantarse por hoteles palacio como <strong data-start=\"2705\" data-end=\"2719\">Le Meurice<\/strong> o <strong data-start=\"2723\" data-end=\"2741\">The Ritz Paris<\/strong>, famosos por su servicio discreto y su elegancia atemporal. Para un ambiente m\u00e1s \u00edntimo, los hoteles boutique como <strong data-start=\"2855\" data-end=\"2871\">el H\u00f4tel Costes<\/strong> siguen siendo populares entre los conocedores de la moda. <\/p>\n<p data-start=\"2912\" data-end=\"3163\">Alojarse en distritos c\u00e9ntricos como el <strong data-start=\"2953\" data-end=\"2975\">distrito 1<\/strong>, cerca del Louvre, o <strong data-start=\"2997\" data-end=\"3010\">Le Marais<\/strong> permite acceder f\u00e1cilmente a los lugares de espect\u00e1culos, salas de exposiciones y eventos privados. Se recomienda encarecidamente reservar con antelaci\u00f3n, ya que la disponibilidad se vuelve limitada con bastante antelaci\u00f3n. <\/p>\n<\/div>\n<\/div>\n<\/div>\n<\/div>\n<\/div>\n<\/div>\n<h4><b>Navegar por Par\u00eds durante la Semana de la Moda<\/b><\/h4>\n<p><img decoding=\"async\" class=\"aligncenter wp-image-44632 size-full\" src=\"https:\/\/www.chauffeur-services.com\/wp-content\/uploads\/sites\/1\/DeWatermark.ai_1736171566017.png\" alt=\"\" width=\"1280\" height=\"718\" title=\"\" srcset=\"https:\/\/www.chauffeur-services.com\/wp-content\/uploads\/sites\/1\/DeWatermark.ai_1736171566017.png 1280w, https:\/\/www.chauffeur-services.com\/wp-content\/uploads\/sites\/1\/DeWatermark.ai_1736171566017-600x337.png 600w, https:\/\/www.chauffeur-services.com\/wp-content\/uploads\/sites\/1\/DeWatermark.ai_1736171566017-1200x673.png 1200w, https:\/\/www.chauffeur-services.com\/wp-content\/uploads\/sites\/1\/DeWatermark.ai_1736171566017-768x431.png 768w\" sizes=\"(max-width: 1280px) 100vw, 1280px\" \/><\/p>\n<h2 data-start=\"3170\" data-end=\"3209\">Navegar por Par\u00eds durante la Semana de la Moda<\/h2>\n<p data-start=\"3211\" data-end=\"3399\">La Semana de la Moda de Par\u00eds es uno de los periodos m\u00e1s ajetreados del a\u00f1o. Con sedes repartidas por toda la ciudad y horarios que cambian a menudo con poca antelaci\u00f3n, un transporte fiable se convierte en un factor clave. <\/p>\n<p data-start=\"3401\" data-end=\"3700\">Un servicio de ch\u00f3fer privado ofrece una soluci\u00f3n perfecta para desplazarse entre hoteles, pasarelas, salas de espect\u00e1culos y eventos nocturnos. <a href=\"https:\/\/www.chauffeur-services.com\/es\/destinations\/francia\/paris\/\">Chauffeurs &amp; Services<\/a> proporciona un transporte discreto, puntual y c\u00f3modo, que permite a los hu\u00e9spedes centrarse por completo en sus compromisos profesionales y compromisos sociales.<\/p>\n<p data-start=\"3702\" data-end=\"3724\">Este enfoque garantiza:<\/p>\n<ul data-start=\"3725\" data-end=\"3889\">\n<li data-start=\"3725\" data-end=\"3763\">\n<p data-start=\"3727\" data-end=\"3763\">Transferencias eficientes de punto a punto<\/p>\n<\/li>\n<li data-start=\"3764\" data-end=\"3817\">\n<p data-start=\"3766\" data-end=\"3817\">Horarios flexibles adaptados a los cambios de \u00faltima hora<\/p>\n<\/li>\n<li data-start=\"3818\" data-end=\"3889\">\n<p data-start=\"3820\" data-end=\"3889\">Una experiencia de viaje tranquila y controlada durante los periodos de mayor tr\u00e1fico<\/p>\n<\/li>\n<\/ul>\n<hr data-start=\"3891\" data-end=\"3894\">\n<h2 data-start=\"3896\" data-end=\"3945\">Consejos para aprovechar al m\u00e1ximo la Semana de la Moda de Par\u00eds<\/h2>\n<ul data-start=\"3947\" data-end=\"4332\">\n<li data-start=\"3947\" data-end=\"4031\">\n<p data-start=\"3949\" data-end=\"4031\"><strong data-start=\"3949\" data-end=\"3963\">Planifique con antelaci\u00f3n<\/strong>: Confirme las invitaciones, los lugares y los horarios lo antes posible.<\/p>\n<\/li>\n<li data-start=\"4032\" data-end=\"4122\">\n<p data-start=\"4034\" data-end=\"4122\"><strong data-start=\"4034\" data-end=\"4051\">Mant\u00e9ngase informado<\/strong>: Est\u00e9 atento a los canales oficiales para conocer las actualizaciones de \u00faltima hora o los cambios en el lugar de celebraci\u00f3n.<\/p>\n<\/li>\n<li data-start=\"4123\" data-end=\"4224\">\n<p data-start=\"4125\" data-end=\"4224\"><strong data-start=\"4125\" data-end=\"4149\">Vestir con intenci\u00f3n<\/strong>: La Semana de la Moda de Par\u00eds celebra el estilo personal tanto como la moda de pasarela.<\/p>\n<\/li>\n<li data-start=\"4225\" data-end=\"4332\">\n<p data-start=\"4227\" data-end=\"4332\"><strong data-start=\"4227\" data-end=\"4252\">Establezca contactos estrat\u00e9gicos<\/strong>: Los eventos privados y las fiestas posteriores son momentos clave para establecer conexiones significativas.<\/p>\n<\/li>\n<\/ul>\n<hr data-start=\"4334\" data-end=\"4337\">\n<h2 data-start=\"4339\" data-end=\"4352\">Conclusi\u00f3n<\/h2>\n<p data-start=\"4354\" data-end=\"4583\">La Semana de la Moda de Par\u00eds 2026 promete otra notable celebraci\u00f3n de la creatividad, la artesan\u00eda y la innovaci\u00f3n. Desde la energ\u00eda de los desfiles hasta el ritmo de la propia ciudad, la experiencia es tan exigente como inspiradora. <\/p>\n<p data-start=\"4585\" data-end=\"4812\">Una planificaci\u00f3n cuidadosa, un alojamiento refinado y un transporte fiable son esenciales para recorrer la semana con tranquilidad. Si organiza su viaje con antelaci\u00f3n, se asegurar\u00e1 una experiencia elegante y sin contratiempos en la capital mundial de la moda. <\/p>\n\n<p><\/p>\n","protected":false},"excerpt":{"rendered":"<p>Cr\u00e9dito de la foto: lifestyle asia La Semana de la Moda de Par\u00eds 2026 se erige como uno de los acontecimientos m\u00e1s esperados de la industria internacional de la moda. A lo largo del a\u00f1o, Par\u00eds se convierte en el epicentro de la creatividad, acogiendo a las principales casas de moda, dise\u00f1adores, compradores, ejecutivos y [&hellip;]<\/p>\n","protected":false},"author":9,"featured_media":62099,"comment_status":"closed","ping_status":"closed","sticky":false,"template":"","format":"standard","meta":{"_acf_changed":false,"content-type":"","footnotes":""},"categories":[173],"tags":[],"class_list":["post-54237","post","type-post","status-publish","format-standard","has-post-thumbnail","hentry","category-blog"],"acf":[],"_links":{"self":[{"href":"https:\/\/www.chauffeur-services.com\/es\/wp-json\/wp\/v2\/posts\/54237","targetHints":{"allow":["GET"]}}],"collection":[{"href":"https:\/\/www.chauffeur-services.com\/es\/wp-json\/wp\/v2\/posts"}],"about":[{"href":"https:\/\/www.chauffeur-services.com\/es\/wp-json\/wp\/v2\/types\/post"}],"author":[{"embeddable":true,"href":"https:\/\/www.chauffeur-services.com\/es\/wp-json\/wp\/v2\/users\/9"}],"replies":[{"embeddable":true,"href":"https:\/\/www.chauffeur-services.com\/es\/wp-json\/wp\/v2\/comments?post=54237"}],"version-history":[{"count":0,"href":"https:\/\/www.chauffeur-services.com\/es\/wp-json\/wp\/v2\/posts\/54237\/revisions"}],"wp:featuredmedia":[{"embeddable":true,"href":"https:\/\/www.chauffeur-services.com\/es\/wp-json\/wp\/v2\/media\/62099"}],"wp:attachment":[{"href":"https:\/\/www.chauffeur-services.com\/es\/wp-json\/wp\/v2\/media?parent=54237"}],"wp:term":[{"taxonomy":"category","embeddable":true,"href":"https:\/\/www.chauffeur-services.com\/es\/wp-json\/wp\/v2\/categories?post=54237"},{"taxonomy":"post_tag","embeddable":true,"href":"https:\/\/www.chauffeur-services.com\/es\/wp-json\/wp\/v2\/tags?post=54237"}],"curies":[{"name":"wp","href":"https:\/\/api.w.org\/{rel}","templated":true}]}}